{"id":992,"date":"2020-11-12T19:29:42","date_gmt":"2020-11-12T19:29:42","guid":{"rendered":"https:\/\/radiologiajardim.com.br\/?p=992"},"modified":"2022-02-22T08:28:57","modified_gmt":"2022-02-22T11:28:57","slug":"dose-de-sabedoria-21","status":"publish","type":"post","link":"http:\/\/blog.radiologiajardim.com.br\/index.php\/2020\/11\/12\/dose-de-sabedoria-21\/","title":{"rendered":"DOSE DE SABEDORIA #21"},"content":{"rendered":"\t\t<div data-elementor-type=\"wp-post\" data-elementor-id=\"992\" class=\"elementor elementor-992\" data-elementor-settings=\"[]\">\n\t\t\t\t\t\t\t<div class=\"elementor-section-wrap\">\n\t\t\t\t\t\t\t<section class=\"elementor-section elementor-top-section elementor-element elementor-element-d9d8967 elementor-section-boxed elementor-section-height-default elementor-section-height-default\" data-id=\"d9d8967\" data-element_type=\"section\">\n\t\t\t\t\t\t<div class=\"elementor-container elementor-column-gap-default\">\n\t\t\t\t\t<div class=\"elementor-column elementor-col-100 elementor-top-column elementor-element elementor-element-4a4659f\" data-id=\"4a4659f\" data-element_type=\"column\">\n\t\t\t<div class=\"elementor-widget-wrap elementor-element-populated\">\n\t\t\t\t\t\t\t\t<div class=\"elementor-element elementor-element-af940db elementor-widget elementor-widget-text-editor\" data-id=\"af940db\" data-element_type=\"widget\" data-widget_type=\"text-editor.default\">\n\t\t\t\t<div class=\"elementor-widget-container\">\n\t\t\t<style>\/*! elementor - v3.5.6 - 28-02-2022 *\/\n.elementor-widget-text-editor.elementor-drop-cap-view-stacked .elementor-drop-cap{background-color:#818a91;color:#fff}.elementor-widget-text-editor.elementor-drop-cap-view-framed .elementor-drop-cap{color:#818a91;border:3px solid;background-color:transparent}.elementor-widget-text-editor:not(.elementor-drop-cap-view-default) .elementor-drop-cap{margin-top:8px}.elementor-widget-text-editor:not(.elementor-drop-cap-view-default) .elementor-drop-cap-letter{width:1em;height:1em}.elementor-widget-text-editor .elementor-drop-cap{float:left;text-align:center;line-height:1;font-size:50px}.elementor-widget-text-editor .elementor-drop-cap-letter{display:inline-block}<\/style>\t\t\t\t<h1>Dens in dente<\/h1><p>O termo\u00a0<em>dens in dente<\/em>, tamb\u00e9m denominado <em>dens invaginatus<\/em>, \u00e9 utilizado para definir um defeito na forma\u00e7\u00e3o dent\u00e1ria resultante da invagina\u00e7\u00e3o dos tecidos coron\u00e1rios antes da calcifica\u00e7\u00e3o tecidual. No aspecto radiogr\u00e1fico, o esmalte aparece bem delineado dando a impress\u00e3o de \u201cum pequeno dente dentro de outro\u201d.<\/p><p>O\u00a0<em>dens in dente<\/em>\u00a0pode ser classificado em tr\u00eas grupos: tipo I, onde a invagina\u00e7\u00e3o do esmalte est\u00e1 circunscrita \u00e0 \u00e1rea da coroa dental; tipo II, no qual a invagina\u00e7\u00e3o do esmalte ultrapassa a jun\u00e7\u00e3o amelocement\u00e1ria, estendendo-se at\u00e9 a raiz e terminando em um \u201csaco cego\u201d e tipo III, com invagina\u00e7\u00e3o do esmalte atingindo a regi\u00e3o apical do dente, de modo a formar mais de um forame apical.<\/p><p>No caso a seguir retrata uma situa\u00e7\u00e3o que a paciente relatava dor difusa na regi\u00e3o anterior da maxila. O profissional pediu uma tomografia cone beam para um estudo endod\u00f4ntico dos dentes 11 ao 23. Ao analisar verificou-se uma altera\u00e7\u00e3o na forma\u00e7\u00e3o dent\u00e1ria no dente 22, denominado <i>dens in dente<\/i> do tipo II (Imagem 1). Na imagem 2 observa-se a reconstru\u00e7\u00e3o 3D da altera\u00e7\u00e3o no dente 22.<\/p><p>Imagem 1 \u2013<b> Cortes obl\u00edquos do dente 22<\/b><\/p><p><img loading=\"lazy\" src=\"https:\/\/radiologiajardim.com.br\/wp-content\/uploads\/2020\/11\/04.png\" alt=\"dens in dente\" width=\"850\" height=\"323\" \/><\/p><p>Imagem 2 \u2013 <b>Reconstru\u00e7\u00e3o 3D no Realistic do programa <a href=\"https:\/\/radiologiajardim.com.br\/dose-de-sabedoria-5-pt2\/\" target=\"_blank\" rel=\"noopener\">Evol<\/a><\/b><\/p><p><i><img loading=\"lazy\" src=\"https:\/\/radiologiajardim.com.br\/wp-content\/uploads\/2020\/11\/03.png\" alt=\"3d dens in dente\" width=\"697\" height=\"303\" \/><\/i><\/p><p><br \/>A modalidade de imagem, principalmente a tomografia cone beam, assume extrema import\u00e2ncia, pois \u00e9 poss\u00edvel identificar o grau de severidade da anomalia para avaliar qual ser\u00e1 a interven\u00e7\u00e3o.<br \/><br \/><\/p><hr \/><div style=\"box-sizing: border-box; color: #7a7a7a; font-family: Roboto, sans-serif; font-size: 14px; font-style: normal; font-variant-ligatures: normal; font-variant-caps: normal; font-weight: 400; letter-spacing: normal; orphans: 2; text-align: start; text-indent: 0px; text-transform: none; white-space: normal; widows: 2; word-spacing: 0px; -webkit-text-stroke-width: 0px; background-color: #ffffff; text-decoration-style: initial; text-decoration-color: initial;\"><b style=\"box-sizing: border-box; font-weight: bold;\"><i style=\"box-sizing: border-box;\"><br \/>Dose de Sabedoria por: Dra Ana Luiza Riul, Dr. Luis Fernando Jardim e Dra. Patr\u00edcia Jardim<\/i><\/b><\/div><p style=\"box-sizing: border-box; margin: 0px 0px 10px; color: #7a7a7a; font-family: Roboto, sans-serif; font-size: 14px; font-style: normal; font-variant-ligatures: normal; font-variant-caps: normal; font-weight: 400; letter-spacing: normal; orphans: 2; text-align: start; text-indent: 0px; text-transform: none; white-space: normal; widows: 2; word-spacing: 0px; -webkit-text-stroke-width: 0px; background-color: #ffffff; text-decoration-style: initial; text-decoration-color: initial;\"><b style=\"box-sizing: border-box; font-weight: bold;\"><i style=\"box-sizing: border-box;\">Siga nossas\u00a0<a style=\"box-sizing: border-box; background-color: transparent; color: #008a8a; text-decoration: none; text-align: center; text-transform: uppercase; box-shadow: none;\" href=\"https:\/\/radiologiajardim.com.br\/dose-de-sabedoria-2\/_wp_link_placeholder\">REDES SOCIAIS<\/a><\/i><\/b><\/p><p><br \/><br \/><br \/><br \/><\/p>\t\t\t\t\t\t<\/div>\n\t\t\t\t<\/div>\n\t\t\t\t\t<\/div>\n\t\t<\/div>\n\t\t\t\t\t\t\t<\/div>\n\t\t<\/section>\n\t\t\t\t\t\t<\/div>\n\t\t\t\t\t<\/div>\n\t\t","protected":false},"excerpt":{"rendered":"<p>Dens in dente O termo\u00a0dens in dente, tamb\u00e9m denominado dens invaginatus, \u00e9 utilizado para definir um defeito na forma\u00e7\u00e3o dent\u00e1ria resultante da invagina\u00e7\u00e3o dos tecidos coron\u00e1rios antes da calcifica\u00e7\u00e3o tecidual. No aspecto radiogr\u00e1fico, o esmalte aparece bem delineado dando a impress\u00e3o de \u201cum pequeno dente dentro de outro\u201d. O\u00a0dens in dente\u00a0pode ser classificado em tr\u00eas &hellip;<\/p>\n<p class=\"read-more\"> <a class=\"\" href=\"http:\/\/blog.radiologiajardim.com.br\/index.php\/2020\/11\/12\/dose-de-sabedoria-21\/\"> <span class=\"screen-reader-text\">DOSE DE SABEDORIA #21<\/span> Read More &raquo;<\/a><\/p>\n","protected":false},"author":1,"featured_media":993,"comment_status":"open","ping_status":"open","sticky":true,"template":"","format":"standard","meta":{"site-sidebar-layout":"default","site-content-layout":"default","ast-main-header-display":"","ast-hfb-above-header-display":"","ast-hfb-below-header-display":"","ast-hfb-mobile-header-display":"","site-post-title":"","ast-breadcrumbs-content":"","ast-featured-img":"","footer-sml-layout":"","theme-transparent-header-meta":"","adv-header-id-meta":"","stick-header-meta":"","header-above-stick-meta":"","header-main-stick-meta":"","header-below-stick-meta":""},"categories":[2],"tags":[],"_links":{"self":[{"href":"http:\/\/blog.radiologiajardim.com.br\/index.php\/wp-json\/wp\/v2\/posts\/992"}],"collection":[{"href":"http:\/\/blog.radiologiajardim.com.br\/index.php\/wp-json\/wp\/v2\/posts"}],"about":[{"href":"http:\/\/blog.radiologiajardim.com.br\/index.php\/wp-json\/wp\/v2\/types\/post"}],"author":[{"embeddable":true,"href":"http:\/\/blog.radiologiajardim.com.br\/index.php\/wp-json\/wp\/v2\/users\/1"}],"replies":[{"embeddable":true,"href":"http:\/\/blog.radiologiajardim.com.br\/index.php\/wp-json\/wp\/v2\/comments?post=992"}],"version-history":[{"count":2,"href":"http:\/\/blog.radiologiajardim.com.br\/index.php\/wp-json\/wp\/v2\/posts\/992\/revisions"}],"predecessor-version":[{"id":2390,"href":"http:\/\/blog.radiologiajardim.com.br\/index.php\/wp-json\/wp\/v2\/posts\/992\/revisions\/2390"}],"wp:featuredmedia":[{"embeddable":true,"href":"http:\/\/blog.radiologiajardim.com.br\/index.php\/wp-json\/"}],"wp:attachment":[{"href":"http:\/\/blog.radiologiajardim.com.br\/index.php\/wp-json\/wp\/v2\/media?parent=992"}],"wp:term":[{"taxonomy":"category","embeddable":true,"href":"http:\/\/blog.radiologiajardim.com.br\/index.php\/wp-json\/wp\/v2\/categories?post=992"},{"taxonomy":"post_tag","embeddable":true,"href":"http:\/\/blog.radiologiajardim.com.br\/index.php\/wp-json\/wp\/v2\/tags?post=992"}],"curies":[{"name":"wp","href":"https:\/\/api.w.org\/{rel}","templated":true}]}}