{"id":983,"date":"2020-11-05T20:20:43","date_gmt":"2020-11-05T20:20:43","guid":{"rendered":"https:\/\/radiologiajardim.com.br\/?p=983"},"modified":"2022-02-22T08:31:10","modified_gmt":"2022-02-22T11:31:10","slug":"dose-de-sabedoria-20","status":"publish","type":"post","link":"http:\/\/blog.radiologiajardim.com.br\/index.php\/2020\/11\/05\/dose-de-sabedoria-20\/","title":{"rendered":"DOSE DE SABEDORIA #20"},"content":{"rendered":"\t\t<div data-elementor-type=\"wp-post\" data-elementor-id=\"983\" class=\"elementor elementor-983\" data-elementor-settings=\"[]\">\n\t\t\t\t\t\t\t<div class=\"elementor-section-wrap\">\n\t\t\t\t\t\t\t<section class=\"elementor-section elementor-top-section elementor-element elementor-element-65e69c9 elementor-section-boxed elementor-section-height-default elementor-section-height-default\" data-id=\"65e69c9\" data-element_type=\"section\">\n\t\t\t\t\t\t<div class=\"elementor-container elementor-column-gap-default\">\n\t\t\t\t\t<div class=\"elementor-column elementor-col-100 elementor-top-column elementor-element elementor-element-cf6267c\" data-id=\"cf6267c\" data-element_type=\"column\">\n\t\t\t<div class=\"elementor-widget-wrap elementor-element-populated\">\n\t\t\t\t\t\t\t\t<div class=\"elementor-element elementor-element-b9ed644 elementor-widget elementor-widget-text-editor\" data-id=\"b9ed644\" data-element_type=\"widget\" data-widget_type=\"text-editor.default\">\n\t\t\t\t<div class=\"elementor-widget-container\">\n\t\t\t<style>\/*! elementor - v3.5.6 - 28-02-2022 *\/\n.elementor-widget-text-editor.elementor-drop-cap-view-stacked .elementor-drop-cap{background-color:#818a91;color:#fff}.elementor-widget-text-editor.elementor-drop-cap-view-framed .elementor-drop-cap{color:#818a91;border:3px solid;background-color:transparent}.elementor-widget-text-editor:not(.elementor-drop-cap-view-default) .elementor-drop-cap{margin-top:8px}.elementor-widget-text-editor:not(.elementor-drop-cap-view-default) .elementor-drop-cap-letter{width:1em;height:1em}.elementor-widget-text-editor .elementor-drop-cap{float:left;text-align:center;line-height:1;font-size:50px}.elementor-widget-text-editor .elementor-drop-cap-letter{display:inline-block}<\/style>\t\t\t\t<h1>CALCIFICA\u00c7\u00d5ES DOS TECIDOS MOLES DO COMPLEXO MAXILO FACIAL<\/h1><p>\u00a0<\/p><p>Radiopacidades em tecidos moles da regi\u00e3o bucomaxilofacial s\u00e3o comuns e aparecem geralmente nos exames radiogr\u00e1ficos odontol\u00f3gicos de rotina. As mais frequentes calcifica\u00e7\u00f5es descritas na literatura s\u00e3o os ateromas de art\u00e9ria car\u00f3tida, os flebolitos, os sialolitos, as calcifica\u00e7\u00f5es de n\u00f3dulos linf\u00e1ticos, os tonsilolitos, os antrolitos e os rinolitos e as calcifica\u00e7\u00f5es do complexo estilohioideo.<\/p><p>Radiograficamente, as opacidades em tecidos moles s\u00e3o comuns e encontradas em cerca de 4% das radiografias panor\u00e2micas e em outras radiografias odontol\u00f3gicas. Muitas vezes, faz-se necess\u00e1ria a combina\u00e7\u00e3o de duas ou mais t\u00e9cnicas radiogr\u00e1ficas para a obten\u00e7\u00e3o do diagn\u00f3stico. Pode-se tamb\u00e9m utilizar outros recursos imaginol\u00f3gicos, como a tomografia computadorizada, resson\u00e2ncia magn\u00e9tica e ultrassonografia. Importantes crit\u00e9rios a serem considerados na interpreta\u00e7\u00e3o radiogr\u00e1fica s\u00e3o a localiza\u00e7\u00e3o anat\u00f4mica, a distribui\u00e7\u00e3o, a quantidade e a forma das massas calc\u00e1reas. An\u00e1lises de localiza\u00e7\u00e3o requerem conhecimento da anatomia dos tecidos moles bem como a posi\u00e7\u00e3o dos n\u00f3dulos linf\u00e1ticos, ligamento estilohioideo, vasos sangu\u00edneos, ductos de gl\u00e2ndulas salivares.<\/p><p>Nesta postagem iremos descrever sobre sialol\u00edtos, que s\u00e3o estruturas calcificadas que se desenvolvem no pr\u00f3prio corpo da gl\u00e2ndula salivar ou dentro do sistema ductal salivar, com consequente diminui\u00e7\u00e3o\/oblitera\u00e7\u00e3o de sua luz. A patog\u00eanese dos sial\u00f3litos \u00e9 incerta; seu desenvolvimento n\u00e3o est\u00e1 relacionado a nenhum transtorno sist\u00eamico metab\u00f3lico do c\u00e1lcio. No entanto, segundo Neville, o sial\u00f3lito se forma a partir do progressivo ac\u00famulo de os \u00edons de c\u00e1lcio no pr\u00f3prio muco, ou quando da ades\u00e3o dos \u00edons em um amontoado de bact\u00e9rias ou c\u00e9lulas epiteliais presentes \u00e0 luz do ducto salivar. Tanto as gl\u00e2ndulas salivares maiores quanto as menores podem ser acometidas; sial\u00f3litos que acometem as gl\u00e2ndulas salivares maiores, geralmente causam aumento de volume na gl\u00e2ndula afetada especialmente durante as refei\u00e7\u00f5es devido a maior produ\u00e7\u00e3o de muco durante o per\u00edodo prandial. Nem sempre os sial\u00f3litos apresentam sintomatologia dolorosa e desta maneira acabam sendo identificados incidentalmente pelos exames de imagem. Radiograficamente, s\u00e3o bem visualizados na radiografia oclusal e podem ser bem vistos pr\u00f3ximos ao \u00e2ngulo da mand\u00edbula, correspondentes ao ducto de Warthon e na regi\u00e3o de molar superior correspondente ao segmento proximal do ducto de Stensen. Como diagn\u00f3stico diferencial inclui sialoadenites secund\u00e1rias e calcifica\u00e7\u00f5es de n\u00f3dulos linf\u00e1ticos. Os sialolitos s\u00e3o distinguidos de outras calcifica\u00e7\u00f5es de tecidos moles, porque est\u00e3o usualmente associadas \u00e0 dor ou a incha\u00e7o envolvendo a gl\u00e2ndula.<\/p><p>O caso a seguir foi um achado incidental que visualizou uma imagem hiperdensa localizada em proximidade com as seguintes estruturas anat\u00f4micas: base da mand\u00edbula esquerda e \u00e2ngulo da mand\u00edbula (Imagem 1)<\/p><h6>\u00a0\u00a0<img loading=\"lazy\" class=\"alignnone size-full wp-image-985\" src=\"https:\/\/radiologiajardim.com.br\/wp-content\/uploads\/2020\/11\/09.jpg\" alt=\"\" width=\"713\" height=\"360\" \/>Imagem 1: Cortes axial, sagital e coronal que mostram a imagem hiperdensa.<\/h6><p><img loading=\"lazy\" class=\"wp-image-986 aligncenter\" src=\"https:\/\/radiologiajardim.com.br\/wp-content\/uploads\/2020\/11\/10.jpg\" alt=\"\" width=\"425\" height=\"310\" \/>\u00a0\u00a0\u00a0\u00a0\u00a0\u00a0\u00a0\u00a0\u00a0\u00a0\u00a0\u00a0\u00a0\u00a0\u00a0\u00a0\u00a0\u00a0\u00a0\u00a0\u00a0\u00a0\u00a0\u00a0\u00a0\u00a0\u00a0\u00a0\u00a0\u00a0\u00a0\u00a0\u00a0\u00a0\u00a0\u00a0\u00a0\u00a0\u00a0\u00a0\u00a0\u00a0<\/p><p>Na imagem acima \u00e9 a reconstru\u00e7\u00e3o 3D que visualiza a imagem hiperdensa com hip\u00f3tese de diagn\u00f3stico de Sialol\u00edto. Ressalto a import\u00e2ncia que para conclus\u00e3o do diagn\u00f3stico deve-se associar com exame cl\u00ednico e hist\u00f3ria m\u00e9dica pregressa.<\/p><p>Assim, por meio da tomografia computadorizada, ao cruzar os planos seccionais axial, sagital e coronal, eliminando a sobreposi\u00e7\u00e3o de imagens, temos um estudo mais acurado de sua localiza\u00e7\u00e3o espacial.<br \/><br \/><\/p><div><b><i>Dose de Sabedoria por: Dra Ana Luiza Riul, Dr. Luis Fernando Jardim e Dra. Patr\u00edcia Jardim<\/i><\/b><\/div><p><b><i>Siga-nos nas <a href=\"https:\/\/radiologiajardim.com.br\/dose-de-sabedoria-2\/_wp_link_placeholder\">REDES SOCIAIS<\/a><\/i><\/b><\/p>\t\t\t\t\t\t<\/div>\n\t\t\t\t<\/div>\n\t\t\t\t\t<\/div>\n\t\t<\/div>\n\t\t\t\t\t\t\t<\/div>\n\t\t<\/section>\n\t\t\t\t\t\t<\/div>\n\t\t\t\t\t<\/div>\n\t\t","protected":false},"excerpt":{"rendered":"<p>CALCIFICA\u00c7\u00d5ES DOS TECIDOS MOLES DO COMPLEXO MAXILO FACIAL Radiopacidades em tecidos moles da regi\u00e3o bucomaxilofacial s\u00e3o comuns e aparecem geralmente nos exames radiogr\u00e1ficos odontol\u00f3gicos de rotina. As mais frequentes calcifica\u00e7\u00f5es descritas na literatura s\u00e3o os ateromas de art\u00e9ria car\u00f3tida, os flebolitos, os sialolitos, as calcifica\u00e7\u00f5es de n\u00f3dulos linf\u00e1ticos, os tonsilolitos, os antrolitos e os rinolitos &hellip;<\/p>\n<p class=\"read-more\"> <a class=\"\" href=\"http:\/\/blog.radiologiajardim.com.br\/index.php\/2020\/11\/05\/dose-de-sabedoria-20\/\"> <span class=\"screen-reader-text\">DOSE DE SABEDORIA #20<\/span> Read More &raquo;<\/a><\/p>\n","protected":false},"author":1,"featured_media":989,"comment_status":"open","ping_status":"open","sticky":true,"template":"","format":"standard","meta":{"site-sidebar-layout":"default","site-content-layout":"default","ast-main-header-display":"","ast-hfb-above-header-display":"","ast-hfb-below-header-display":"","ast-hfb-mobile-header-display":"","site-post-title":"","ast-breadcrumbs-content":"","ast-featured-img":"","footer-sml-layout":"","theme-transparent-header-meta":"","adv-header-id-meta":"","stick-header-meta":"","header-above-stick-meta":"","header-main-stick-meta":"","header-below-stick-meta":""},"categories":[2],"tags":[],"_links":{"self":[{"href":"http:\/\/blog.radiologiajardim.com.br\/index.php\/wp-json\/wp\/v2\/posts\/983"}],"collection":[{"href":"http:\/\/blog.radiologiajardim.com.br\/index.php\/wp-json\/wp\/v2\/posts"}],"about":[{"href":"http:\/\/blog.radiologiajardim.com.br\/index.php\/wp-json\/wp\/v2\/types\/post"}],"author":[{"embeddable":true,"href":"http:\/\/blog.radiologiajardim.com.br\/index.php\/wp-json\/wp\/v2\/users\/1"}],"replies":[{"embeddable":true,"href":"http:\/\/blog.radiologiajardim.com.br\/index.php\/wp-json\/wp\/v2\/comments?post=983"}],"version-history":[{"count":2,"href":"http:\/\/blog.radiologiajardim.com.br\/index.php\/wp-json\/wp\/v2\/posts\/983\/revisions"}],"predecessor-version":[{"id":2394,"href":"http:\/\/blog.radiologiajardim.com.br\/index.php\/wp-json\/wp\/v2\/posts\/983\/revisions\/2394"}],"wp:featuredmedia":[{"embeddable":true,"href":"http:\/\/blog.radiologiajardim.com.br\/index.php\/wp-json\/"}],"wp:attachment":[{"href":"http:\/\/blog.radiologiajardim.com.br\/index.php\/wp-json\/wp\/v2\/media?parent=983"}],"wp:term":[{"taxonomy":"category","embeddable":true,"href":"http:\/\/blog.radiologiajardim.com.br\/index.php\/wp-json\/wp\/v2\/categories?post=983"},{"taxonomy":"post_tag","embeddable":true,"href":"http:\/\/blog.radiologiajardim.com.br\/index.php\/wp-json\/wp\/v2\/tags?post=983"}],"curies":[{"name":"wp","href":"https:\/\/api.w.org\/{rel}","templated":true}]}}