{"id":891,"date":"2020-09-11T12:22:03","date_gmt":"2020-09-11T12:22:03","guid":{"rendered":"https:\/\/radiologiajardim.com.br\/?p=891"},"modified":"2022-02-22T09:10:43","modified_gmt":"2022-02-22T12:10:43","slug":"dose-de-sabedoria-12","status":"publish","type":"post","link":"http:\/\/blog.radiologiajardim.com.br\/index.php\/2020\/09\/11\/dose-de-sabedoria-12\/","title":{"rendered":"DOSE DE SABEDORIA #12"},"content":{"rendered":"\t\t<div data-elementor-type=\"wp-post\" data-elementor-id=\"891\" class=\"elementor elementor-891\" data-elementor-settings=\"[]\">\n\t\t\t\t\t\t\t<div class=\"elementor-section-wrap\">\n\t\t\t\t\t\t\t<section class=\"elementor-section elementor-top-section elementor-element elementor-element-745d846 elementor-section-boxed elementor-section-height-default elementor-section-height-default\" data-id=\"745d846\" data-element_type=\"section\">\n\t\t\t\t\t\t<div class=\"elementor-container elementor-column-gap-default\">\n\t\t\t\t\t<div class=\"elementor-column elementor-col-100 elementor-top-column elementor-element elementor-element-80a46e7\" data-id=\"80a46e7\" data-element_type=\"column\">\n\t\t\t<div class=\"elementor-widget-wrap elementor-element-populated\">\n\t\t\t\t\t\t\t\t<div class=\"elementor-element elementor-element-df32d68 elementor-widget elementor-widget-text-editor\" data-id=\"df32d68\" data-element_type=\"widget\" data-widget_type=\"text-editor.default\">\n\t\t\t\t<div class=\"elementor-widget-container\">\n\t\t\t<style>\/*! elementor - v3.5.6 - 28-02-2022 *\/\n.elementor-widget-text-editor.elementor-drop-cap-view-stacked .elementor-drop-cap{background-color:#818a91;color:#fff}.elementor-widget-text-editor.elementor-drop-cap-view-framed .elementor-drop-cap{color:#818a91;border:3px solid;background-color:transparent}.elementor-widget-text-editor:not(.elementor-drop-cap-view-default) .elementor-drop-cap{margin-top:8px}.elementor-widget-text-editor:not(.elementor-drop-cap-view-default) .elementor-drop-cap-letter{width:1em;height:1em}.elementor-widget-text-editor .elementor-drop-cap{float:left;text-align:center;line-height:1;font-size:50px}.elementor-widget-text-editor .elementor-drop-cap-letter{display:inline-block}<\/style>\t\t\t\t<p>\u00a0<\/p><div style=\"overflow-y: auto; overflow-x: hidden;\"><h1>Odontoma &#8211; Composto, complexo e suas caracter\u00edsticas<\/h1><p>Odontoma s\u00e3o os tipos mais comuns de tumores odontog\u00eanicos e corresponde em cerca de 70% dos casos. Para alguns autores, esta altera\u00e7\u00e3o \u00e9 considerada como malforma\u00e7\u00f5es de desenvolvimento (hematomas), pois, todos os tecidos dentais s\u00e3o representados.<\/p><p>Os odontomas s\u00e3o <span style=\"padding-left: 1px;\">subdivididos<\/span> em dois tipos:<\/p><p>\u00a0\u2022 <b>Composto<\/b>: \u00e9 formada por muitas estruturas pequenas semelhantes a dentes;<\/p><p>\u00a0\u2022 <b>Complexo:<\/b> consiste em uma <span style=\"padding-left: 1px;\">massa<\/span> aglomerada de dentina e esmalte, que n\u00e3o lembra a morfologia de um dente.<\/p><p>Na maioria dos casos relatados, os odontomas compostos s\u00e3o diagnosticados com maior frequ\u00eancia do que os complexos; \u00e9 poss\u00edvel que alguns odontomas compostos n\u00e3o sejam examinados microscopicamente porque o cl\u00ednico faz o diagn\u00f3stico baseado em achados<br \/>cl\u00ednicos e radiogr\u00e1ficos\/tomogr\u00e1ficos.<\/p><p>A sua preval\u00eancia \u00e9 que ocorra durante as primeiras duas d\u00e9cadas de vida, com m\u00e9dia de idade para diagn\u00f3stico de 14 anos. S\u00e3o relativamente pequenos e raramente excedem o tamanho de um dente na \u00e1rea onde est\u00e3o localizados. <br \/>Radiograficamente, o odontoma composto apresenta-se estruturas radiopacas\/<span style=\"padding-left: 1px;\">hiperdensas<\/span> semelhantes a dentes de forma e tamanho vari\u00e1vel, circundada por uma estreita zona <span style=\"padding-left: 1px;\">radiotransparente<\/span>\/<span style=\"padding-left: 1px;\">hipodensa<\/span>.<br \/>Enquanto o odontoma complexo apresenta uma massa calcificada, com radiopacidade de estrutura dent\u00e1ria, tamb\u00e9m, envolvida por uma estreita margem <span style=\"padding-left: 1px;\">radiotransparente<\/span>.<\/p><p>As imagens as seguir referem-se a um paciente com idade de 14 anos que foi solicitado tomografia Cone <span style=\"padding-left: 1px;\">Beam<\/span> para averigua\u00e7\u00e3o de supranumer\u00e1rio na regi\u00e3o anterior da mand\u00edbula. Conforme a <b>imagem 1<\/b>, observou-se a presen\u00e7a de um dente incompletamente formado e retido horizontalmente \u00e0 lingual dos dentes 42 ao 31. Subjacentes a imagens <span style=\"padding-left: 1px;\">hiperdensas<\/span> de estrutura que simularia pequenas estruturas dent\u00e1rias, conferindo assim, hip\u00f3tese de diagn\u00f3stico de Odontoma Composto.<\/p><p>\u00a0<\/p><p><b>Imagem 1<\/b> \u2013 Presen\u00e7a de supranumer\u00e1rio associado com pequenas imagens <span style=\"padding-left: 1px;\">hiperdensas:<br \/><\/span><img loading=\"lazy\" class=\"alignnone size-full wp-image-895\" src=\"https:\/\/radiologiajardim.com.br\/wp-content\/uploads\/2020\/09\/2-1.png\" alt=\"\" width=\"1032\" height=\"279\" \/><\/p><p>Na <b>imagem 2 <\/b>observa-se esta altera\u00e7\u00e3o nos cortes obl\u00edquos:<\/p><p><img loading=\"lazy\" class=\"alignnone size-full wp-image-896\" src=\"https:\/\/radiologiajardim.com.br\/wp-content\/uploads\/2020\/09\/3-1.png\" alt=\"\" width=\"606\" height=\"253\" \/><\/p><p>Assim, a tomografia Cone <span style=\"padding-left: 1px;\">Beam<\/span> possibilitou a visualiza\u00e7\u00e3o da altera\u00e7\u00e3o tal como a precisa localiza\u00e7\u00e3o e rela\u00e7\u00e3o com as estruturas dent\u00e1rias adjacentes.<\/p><p>\u00a0<\/p><hr \/><div><b><i>Dose de Sabedoria por: Dra Ana Luiza Riul, Dr. Luis Fernando Jardim e Dra. Patr\u00edcia Jardim<\/i><\/b><\/div><p><b><i>Siga-nos nas <a href=\"https:\/\/radiologiajardim.com.br\/dose-de-sabedoria-2\/_wp_link_placeholder\">REDES SOCIAIS<\/a><\/i><\/b><\/p><p>\u00a0<\/p><\/div>\t\t\t\t\t\t<\/div>\n\t\t\t\t<\/div>\n\t\t\t\t\t<\/div>\n\t\t<\/div>\n\t\t\t\t\t\t\t<\/div>\n\t\t<\/section>\n\t\t\t\t\t\t<\/div>\n\t\t\t\t\t<\/div>\n\t\t","protected":false},"excerpt":{"rendered":"<p>Odontoma &#8211; Composto, complexo e suas caracter\u00edsticas Odontoma s\u00e3o os tipos mais comuns de tumores odontog\u00eanicos e corresponde em cerca de 70% dos casos. Para alguns autores, esta altera\u00e7\u00e3o \u00e9 considerada como malforma\u00e7\u00f5es de desenvolvimento (hematomas), pois, todos os tecidos dentais s\u00e3o representados. Os odontomas s\u00e3o subdivididos em dois tipos: \u2022 Composto: \u00e9 formada por &hellip;<\/p>\n<p class=\"read-more\"> <a class=\"\" href=\"http:\/\/blog.radiologiajardim.com.br\/index.php\/2020\/09\/11\/dose-de-sabedoria-12\/\"> <span class=\"screen-reader-text\">DOSE DE SABEDORIA #12<\/span> Read More &raquo;<\/a><\/p>\n","protected":false},"author":1,"featured_media":902,"comment_status":"open","ping_status":"open","sticky":true,"template":"","format":"standard","meta":{"site-sidebar-layout":"default","site-content-layout":"default","ast-main-header-display":"","ast-hfb-above-header-display":"","ast-hfb-below-header-display":"","ast-hfb-mobile-header-display":"","site-post-title":"","ast-breadcrumbs-content":"","ast-featured-img":"","footer-sml-layout":"","theme-transparent-header-meta":"","adv-header-id-meta":"","stick-header-meta":"","header-above-stick-meta":"","header-main-stick-meta":"","header-below-stick-meta":""},"categories":[2],"tags":[],"_links":{"self":[{"href":"http:\/\/blog.radiologiajardim.com.br\/index.php\/wp-json\/wp\/v2\/posts\/891"}],"collection":[{"href":"http:\/\/blog.radiologiajardim.com.br\/index.php\/wp-json\/wp\/v2\/posts"}],"about":[{"href":"http:\/\/blog.radiologiajardim.com.br\/index.php\/wp-json\/wp\/v2\/types\/post"}],"author":[{"embeddable":true,"href":"http:\/\/blog.radiologiajardim.com.br\/index.php\/wp-json\/wp\/v2\/users\/1"}],"replies":[{"embeddable":true,"href":"http:\/\/blog.radiologiajardim.com.br\/index.php\/wp-json\/wp\/v2\/comments?post=891"}],"version-history":[{"count":2,"href":"http:\/\/blog.radiologiajardim.com.br\/index.php\/wp-json\/wp\/v2\/posts\/891\/revisions"}],"predecessor-version":[{"id":2425,"href":"http:\/\/blog.radiologiajardim.com.br\/index.php\/wp-json\/wp\/v2\/posts\/891\/revisions\/2425"}],"wp:featuredmedia":[{"embeddable":true,"href":"http:\/\/blog.radiologiajardim.com.br\/index.php\/wp-json\/"}],"wp:attachment":[{"href":"http:\/\/blog.radiologiajardim.com.br\/index.php\/wp-json\/wp\/v2\/media?parent=891"}],"wp:term":[{"taxonomy":"category","embeddable":true,"href":"http:\/\/blog.radiologiajardim.com.br\/index.php\/wp-json\/wp\/v2\/categories?post=891"},{"taxonomy":"post_tag","embeddable":true,"href":"http:\/\/blog.radiologiajardim.com.br\/index.php\/wp-json\/wp\/v2\/tags?post=891"}],"curies":[{"name":"wp","href":"https:\/\/api.w.org\/{rel}","templated":true}]}}