{"id":773,"date":"2020-07-10T16:35:23","date_gmt":"2020-07-10T16:35:23","guid":{"rendered":"https:\/\/radiologiajardim.com.br\/?p=773"},"modified":"2022-02-23T11:10:37","modified_gmt":"2022-02-23T14:10:37","slug":"dose-de-sabedoria-4-part2","status":"publish","type":"post","link":"http:\/\/blog.radiologiajardim.com.br\/index.php\/2020\/07\/10\/dose-de-sabedoria-4-part2\/","title":{"rendered":"DOSE DE SABEDORIA #4 | parte 2"},"content":{"rendered":"\t\t<div data-elementor-type=\"wp-post\" data-elementor-id=\"773\" class=\"elementor elementor-773\" data-elementor-settings=\"[]\">\n\t\t\t\t\t\t\t<div class=\"elementor-section-wrap\">\n\t\t\t\t\t\t\t<section class=\"elementor-section elementor-top-section elementor-element elementor-element-e3a3f43 elementor-section-boxed elementor-section-height-default elementor-section-height-default\" data-id=\"e3a3f43\" data-element_type=\"section\">\n\t\t\t\t\t\t<div class=\"elementor-container elementor-column-gap-default\">\n\t\t\t\t\t<div class=\"elementor-column elementor-col-100 elementor-top-column elementor-element elementor-element-e0dfb95\" data-id=\"e0dfb95\" data-element_type=\"column\">\n\t\t\t<div class=\"elementor-widget-wrap elementor-element-populated\">\n\t\t\t\t\t\t\t\t<div class=\"elementor-element elementor-element-2bf24b3 elementor-widget elementor-widget-text-editor\" data-id=\"2bf24b3\" data-element_type=\"widget\" data-widget_type=\"text-editor.default\">\n\t\t\t\t<div class=\"elementor-widget-container\">\n\t\t\t<style>\/*! elementor - v3.5.6 - 28-02-2022 *\/\n.elementor-widget-text-editor.elementor-drop-cap-view-stacked .elementor-drop-cap{background-color:#818a91;color:#fff}.elementor-widget-text-editor.elementor-drop-cap-view-framed .elementor-drop-cap{color:#818a91;border:3px solid;background-color:transparent}.elementor-widget-text-editor:not(.elementor-drop-cap-view-default) .elementor-drop-cap{margin-top:8px}.elementor-widget-text-editor:not(.elementor-drop-cap-view-default) .elementor-drop-cap-letter{width:1em;height:1em}.elementor-widget-text-editor .elementor-drop-cap{float:left;text-align:center;line-height:1;font-size:50px}.elementor-widget-text-editor .elementor-drop-cap-letter{display:inline-block}<\/style>\t\t\t\t<h1><b>Tomografia cone beam: Uma aliada para Implantodontia (Parte 2):<\/b><\/h1>\n<p>Na publica\u00e7\u00e3o anterior descrevemos a import\u00e2ncia da tomografia cone beam (TCFC) para correlacionar o planejamento de implante dent\u00e1rio com as estruturas anat\u00f4micas maxilares, j\u00e1 no atual texto a correla\u00e7\u00e3o ser\u00e1 com as estruturas anat\u00f4micas mandibulares.&nbsp;&nbsp;<\/p>\n<p>Morfologicamente, a mand\u00edbula \u00e9 um osso \u00edmpar, em forma de ferradura e apresenta maior densidade \u00f3ssea que a maxila. Normalmente observa-se que o processo alveolar se estende no sentido coron\u00e1rio, ao redor da raiz dent\u00e1ria, e o osso cortical vestibular \u00e9 mais espesso que a cortical lingual, tal como na regi\u00e3o posterior em rela\u00e7\u00e3o \u00e0 anterior. A inerva\u00e7\u00e3o da mand\u00edbula \u00e9 realizada pelo nervo alveolar inferior (NAI) com prolongamento para regi\u00e3o anterior como nervo incisivo (NI), sendo que os mesmos percorrem os canais mandibular e incisivo, respectivamente. O forame mentual (FM) \u00e9 a termina\u00e7\u00e3o do canal mandibular.<\/p>\n<h1><b><img loading=\"lazy\" class=\"alignnone size-full wp-image-778\" src=\"https:\/\/radiologiajardim.com.br\/wp-content\/uploads\/2020\/07\/img01.png\" alt=\"\" width=\"2048\" height=\"954\"><\/b><\/h1>\n<p>Assim, as implica\u00e7\u00f5es cl\u00ednicas na utiliza\u00e7\u00e3o da TCFC no estudo tridimensional da anatomia mandibular no planejamento nas instala\u00e7\u00f5es de implantes dent\u00e1rios s\u00e3o:<\/p>\n<p>&#8211; Verifica\u00e7\u00e3o da densidade \u00f3ssea da mand\u00edbula;<\/p>\n<p>&#8211; Determinar em cortes transaxiais do processo alveolar a localiza\u00e7\u00e3o dos canais mandibular e incisivo;<\/p>\n<p>&#8211; Mensura\u00e7\u00e3o da altura e espessura do rebordo osso alveolar em tamanho real;<\/p>\n<p>&#8211; Verificar a perda \u00f3ssea alveolar: Na regi\u00e3o posterior, o canal mandibular (CM) e o forame mentual (FM) podem ser tornar mais superiores em rela\u00e7\u00e3o \u00e0 crista e, portanto, limitam a quantidade de osso dispon\u00edvel para inser\u00e7\u00e3o do implante. Na regi\u00e3o anterior, o osso pode torna se extremamente delgado e limitar o espa\u00e7o para inser\u00e7\u00e3o de implante; uma protuber\u00e2ncia mentual acentuada pode complicar ainda mais essa inser\u00e7\u00e3o;<\/p>\n<p>&#8211; Visualiza\u00e7\u00e3o da f\u00f3vea submandibular (pode formar-se uma concavidade acentuada inferiormente \u00e0 linha milo-hi\u00f3idea, reduzindo a espessura da mand\u00edbula), pois uma perfura\u00e7\u00e3o por implante nessa \u00e1rea pode introduzir um processo infeccioso no espa\u00e7o submandibular;<\/p>\n<p>&#8211; An\u00e1lises das poss\u00edveis varia\u00e7\u00f5es anat\u00f4micas: T\u00f3rus mandibular e exostose vestibular.<\/p>\n<p>Portanto, conclui-se que a empregabilidade da tomografia cone beam na implantodontia permite uma maior acur\u00e1cia no planejamento da fase cir\u00fargica de coloca\u00e7\u00e3o dos implantes met\u00e1licos e minimiza\u00e7\u00e3o de complica\u00e7\u00f5es.<\/p><p><br><\/p><div><b><i>Dose de Sabedoria por: Dra Ana Luiza Riul, Dr. Luis Fernando Jardim e Dra. Patr\u00edcia Jardim<\/i><\/b><\/div><p><b><i>Siga nossas <a href=\"https:\/\/radiologiajardim.com.br\/dose-de-sabedoria-2\/_wp_link_placeholder\">Redes Sociais<\/a><\/i><\/b><\/p>\t\t\t\t\t\t<\/div>\n\t\t\t\t<\/div>\n\t\t\t\t<div class=\"elementor-element elementor-element-7fc703e elementor-widget elementor-widget-text-editor\" data-id=\"7fc703e\" data-element_type=\"widget\" data-widget_type=\"text-editor.default\">\n\t\t\t\t<div class=\"elementor-widget-container\">\n\t\t\t\t\t\t\t\t\t\t\t\t\t<\/div>\n\t\t\t\t<\/div>\n\t\t\t\t\t<\/div>\n\t\t<\/div>\n\t\t\t\t\t\t\t<\/div>\n\t\t<\/section>\n\t\t\t\t\t\t<\/div>\n\t\t\t\t\t<\/div>\n\t\t","protected":false},"excerpt":{"rendered":"<p>Tomografia cone beam: Uma aliada para Implantodontia (Parte 2): Na publica\u00e7\u00e3o anterior descrevemos a import\u00e2ncia da tomografia cone beam (TCFC) para correlacionar o planejamento de implante dent\u00e1rio com as estruturas anat\u00f4micas maxilares, j\u00e1 no atual texto a correla\u00e7\u00e3o ser\u00e1 com as estruturas anat\u00f4micas mandibulares. Morfologicamente, a mand\u00edbula \u00e9 um osso \u00edmpar, em forma de ferradura &hellip;<\/p>\n<p class=\"read-more\"> <a class=\"\" href=\"http:\/\/blog.radiologiajardim.com.br\/index.php\/2020\/07\/10\/dose-de-sabedoria-4-part2\/\"> <span class=\"screen-reader-text\">DOSE DE SABEDORIA #4 | parte 2<\/span> Read More &raquo;<\/a><\/p>\n","protected":false},"author":1,"featured_media":776,"comment_status":"open","ping_status":"open","sticky":true,"template":"","format":"standard","meta":{"site-sidebar-layout":"default","site-content-layout":"default","ast-main-header-display":"","ast-hfb-above-header-display":"","ast-hfb-below-header-display":"","ast-hfb-mobile-header-display":"","site-post-title":"","ast-breadcrumbs-content":"","ast-featured-img":"","footer-sml-layout":"","theme-transparent-header-meta":"","adv-header-id-meta":"","stick-header-meta":"","header-above-stick-meta":"","header-main-stick-meta":"","header-below-stick-meta":""},"categories":[2],"tags":[],"_links":{"self":[{"href":"http:\/\/blog.radiologiajardim.com.br\/index.php\/wp-json\/wp\/v2\/posts\/773"}],"collection":[{"href":"http:\/\/blog.radiologiajardim.com.br\/index.php\/wp-json\/wp\/v2\/posts"}],"about":[{"href":"http:\/\/blog.radiologiajardim.com.br\/index.php\/wp-json\/wp\/v2\/types\/post"}],"author":[{"embeddable":true,"href":"http:\/\/blog.radiologiajardim.com.br\/index.php\/wp-json\/wp\/v2\/users\/1"}],"replies":[{"embeddable":true,"href":"http:\/\/blog.radiologiajardim.com.br\/index.php\/wp-json\/wp\/v2\/comments?post=773"}],"version-history":[{"count":1,"href":"http:\/\/blog.radiologiajardim.com.br\/index.php\/wp-json\/wp\/v2\/posts\/773\/revisions"}],"predecessor-version":[{"id":2467,"href":"http:\/\/blog.radiologiajardim.com.br\/index.php\/wp-json\/wp\/v2\/posts\/773\/revisions\/2467"}],"wp:featuredmedia":[{"embeddable":true,"href":"http:\/\/blog.radiologiajardim.com.br\/index.php\/wp-json\/"}],"wp:attachment":[{"href":"http:\/\/blog.radiologiajardim.com.br\/index.php\/wp-json\/wp\/v2\/media?parent=773"}],"wp:term":[{"taxonomy":"category","embeddable":true,"href":"http:\/\/blog.radiologiajardim.com.br\/index.php\/wp-json\/wp\/v2\/categories?post=773"},{"taxonomy":"post_tag","embeddable":true,"href":"http:\/\/blog.radiologiajardim.com.br\/index.php\/wp-json\/wp\/v2\/tags?post=773"}],"curies":[{"name":"wp","href":"https:\/\/api.w.org\/{rel}","templated":true}]}}