{"id":755,"date":"2020-07-02T17:16:04","date_gmt":"2020-07-02T17:16:04","guid":{"rendered":"https:\/\/radiologiajardim.com.br\/?p=755"},"modified":"2022-02-23T11:00:49","modified_gmt":"2022-02-23T14:00:49","slug":"dose-de-sabedoria-4-parte1","status":"publish","type":"post","link":"http:\/\/blog.radiologiajardim.com.br\/index.php\/2020\/07\/02\/dose-de-sabedoria-4-parte1\/","title":{"rendered":"DOSE DE SABEDORIA #4"},"content":{"rendered":"\t\t<div data-elementor-type=\"wp-post\" data-elementor-id=\"755\" class=\"elementor elementor-755\" data-elementor-settings=\"[]\">\n\t\t\t\t\t\t\t<div class=\"elementor-section-wrap\">\n\t\t\t\t\t\t\t<section class=\"elementor-section elementor-top-section elementor-element elementor-element-d7345ad elementor-section-boxed elementor-section-height-default elementor-section-height-default\" data-id=\"d7345ad\" data-element_type=\"section\">\n\t\t\t\t\t\t<div class=\"elementor-container elementor-column-gap-default\">\n\t\t\t\t\t<div class=\"elementor-column elementor-col-100 elementor-top-column elementor-element elementor-element-c1a5f35\" data-id=\"c1a5f35\" data-element_type=\"column\">\n\t\t\t<div class=\"elementor-widget-wrap elementor-element-populated\">\n\t\t\t\t\t\t\t\t<div class=\"elementor-element elementor-element-7de98b8 elementor-widget elementor-widget-text-editor\" data-id=\"7de98b8\" data-element_type=\"widget\" data-widget_type=\"text-editor.default\">\n\t\t\t\t<div class=\"elementor-widget-container\">\n\t\t\t<style>\/*! elementor - v3.5.6 - 28-02-2022 *\/\n.elementor-widget-text-editor.elementor-drop-cap-view-stacked .elementor-drop-cap{background-color:#818a91;color:#fff}.elementor-widget-text-editor.elementor-drop-cap-view-framed .elementor-drop-cap{color:#818a91;border:3px solid;background-color:transparent}.elementor-widget-text-editor:not(.elementor-drop-cap-view-default) .elementor-drop-cap{margin-top:8px}.elementor-widget-text-editor:not(.elementor-drop-cap-view-default) .elementor-drop-cap-letter{width:1em;height:1em}.elementor-widget-text-editor .elementor-drop-cap{float:left;text-align:center;line-height:1;font-size:50px}.elementor-widget-text-editor .elementor-drop-cap-letter{display:inline-block}<\/style>\t\t\t\t<h1>Tomografia Cone Beam: Uma aliada para Implantodontia (Parte 1)<\/h1><div>\u00a0<\/div><p>O desenvolvimento da tomografia cone beam (TCFC) \u00e9 um grande avan\u00e7o para odontologia e em especial para a implantodontia, visto que 2\/3 das indica\u00e7\u00f5es de TCFC s\u00e3o para planejamentos de implantes orais. A aplica\u00e7\u00e3o cl\u00ednica da TCFC faz parte de todo o processo, usada desde o planejamento dos casos, suportando a confec\u00e7\u00e3o de guia cir\u00fargico, e tamb\u00e9m \u00e9 utilizada no trans-operat\u00f3rio em enxertos \u00f3sseo.<\/p><p>\u00a0\u00a0\u00a0\u00a0\u00a0\u00a0\u00a0\u00a0\u00a0\u00a0\u00a0 De acordo com a American Academy of Oral e Maxillofacial Radiology \u00e9 recomendado a obten\u00e7\u00e3o de imagens em corte transaxial para todas as avalia\u00e7\u00f5es pr\u00e9-operat\u00f3rias em implantodontia, pois a radiografia panor\u00e2mica pode apresentar amplia\u00e7\u00e3o das imagens, incapacitando a avalia\u00e7\u00e3o adequada da proximidade do seio maxilar e da dimens\u00e3o vest\u00edbulopaltino do processo alveolar. Uma ressalva para a utiliza\u00e7\u00e3o da radiografia panor\u00e2mica e intraoral s\u00e3o para avalia\u00e7\u00e3o p\u00f3s-operat\u00f3ria.<\/p><p>\u00a0\u00a0\u00a0\u00a0\u00a0\u00a0\u00a0\u00a0\u00a0\u00a0\u00a0 A tomografia cone beam permite a visualiza\u00e7\u00e3o da morfologia do processo alveolar da maxila e mand\u00edbula, obt\u00eam-se medidas de sua altura e espessura em tamanho real, enquanto que nos casos que h\u00e1 a inser\u00e7\u00e3o de enxerto \u00f3sseo, a TCFC estabelece uma importante ferramenta para averiguar o acr\u00e9scimo de altura\/ espessura nas \u00e1reas analisadas.<\/p><p>\u00a0\u00a0\u00a0\u00a0\u00a0\u00a0\u00a0\u00a0\u00a0\u00a0\u00a0 Um dos requisitos para um diagn\u00f3stico adequado das imagens oferecidas pela tomografia cone beam na maxila, al\u00e9m do osso alveolar, \u00e9 a visualiza\u00e7\u00e3o das seguintes estruturas anat\u00f4micas: Seios maxilares, Assoalho da cavidade nasal, Canal e Forame incisivo e feixes\/ramos v\u00e1sculo-nervoso.<\/p><p>\u00a0\u00a0\u00a0\u00a0\u00a0\u00a0\u00a0\u00a0\u00a0\u00a0\u00a0 Na <b><i>imagem 1<\/i><\/b> \u2013 Observa-se nos cortes coronais panor\u00e2micos, cortes obl\u00edquos, cortes sagitais, coronal e axial a estrutura maxilar desdentada na presen\u00e7a de enxertos \u00f3sseos particulados nas regi\u00f5es de seios maxilares, com o objetivo de analisar a agrega\u00e7\u00e3o particular para futura instala\u00e7\u00e3o de implantes met\u00e1licos.<\/p><h1><img src=\"https:\/\/radiologiajardim.com.br\/wp-content\/uploads\/2020\/07\/img-2-1.png\" alt=\"\" \/><\/h1><p>\u00a0<\/p><p>Na <i><b>imagem 2<\/b><\/i> \u2013 Observa-se nos cortes coronais panor\u00e2mico e cortes obl\u00edquos a estrutura do rebordo alveolar da maxila desdentada em rela\u00e7\u00e3o as seguintes estruturas anat\u00f4micas: seios maxilares, canal e forame incisivo e cavidade nasal. Nessas \u00e1reas h\u00e1 mensura\u00e7\u00f5es verticais e horizontais, para verificar altura e espessura do rebordo alveolar no planejamento das instala\u00e7\u00f5es dos implantes met\u00e1licos.<\/p><h1><img loading=\"lazy\" src=\"https:\/\/radiologiajardim.com.br\/wp-content\/uploads\/2020\/07\/img-1.png\" alt=\"\" width=\"7045\" height=\"3277\" \/><\/h1><p>Na imagem a seguir, obtida do artigo de Machado e colaboradores de 2016, observa-se a presen\u00e7a de <em>Canalis Sinuosus, <\/em>que \u00e9 um canal neuro vascular onde est\u00e3o localizados o nervo alveolar superior anterior e seus vasos sangu\u00edneos. Foi sugerida pela primeira vez por Jones, que descreveu essa estrutura anat\u00f4mica como o nervo e os vasos sangu\u00edneos que deixam o nervo infraorbital atrav\u00e9s da parte traseira do forame infraorbital e correm lateralmente por um canal \u00f3sseo de cerca de 2 mm de di\u00e2metro ao lado da cavidade nasal.<\/p><p><img loading=\"lazy\" src=\"https:\/\/radiologiajardim.com.br\/wp-content\/uploads\/2020\/07\/CBCT-images-showing-anatomical-variations-in-the-accessory-canals-of-the-canalis-sinuosus.png.jpg\" alt=\"Canalis Sinuosus\" width=\"302\" height=\"366\" \/><\/p><p>\u00a0\u00a0\u00a0\u00a0\u00a0\u00a0\u00a0\u00a0\u00a0\u00a0\u00a0 Com o uso da tomografia cone beam, tornou-se mais evidente o diagn\u00f3stico dessas varia\u00e7\u00f5es, que \u00e9 destacada quando, na reabilita\u00e7\u00e3o da regi\u00e3o maxilar anterior para a coloca\u00e7\u00e3o de implantes, o pilar canino \u00e9 utilizado como marco definitivo para o suporte de implantes, no qual o contato com o feixe neurovascular do <em>Canalis Sinuosus<\/em> pode comprometer a osteointegra\u00e7\u00e3o e causar parestesia tempor\u00e1ria ou permanente com sangramento <em>in situ.<\/em><\/p><p>O conhecimento sobre estruturas anat\u00f4micas e suas varia\u00e7\u00f5es via TCFC \u00e9 de extrema import\u00e2ncia para o planejamento e p\u00f3s-tratamento, pois pode prevenir complica\u00e7\u00f5es durante os procedimentos cir\u00fargicos, garantindo um progn\u00f3stico mais favor\u00e1vel.<\/p><p><i>\u00a0<\/i><\/p><p><i>Ref.:<br \/>Machado, V.; Chrcanovic, Bruno; Felippe, M.B.; Manh\u00e3es Junior, Luiz Roberto; Carvalho, P.S.P. 2016\/10\/01. SP &#8211;\u00a0\u00a0Assessment of accessory canals of the canalis sinuosus: a study of 1000 cone beam computed tomography examinations; 45;\u00a010.1016\/j.ijom.2016.09.007. International Journal of Oral and Maxillofacial Surgery<\/i>\u00a0<\/p><div><b><i>Dose de Sabedoria por: Dra Ana Luiza Riul, Dr. Luis Fernando Jardim e Dra. Patr\u00edcia Jardim<\/i><\/b><\/div><p><b><i>Siga nossas <a href=\"https:\/\/radiologiajardim.com.br\/dose-de-sabedoria-2\/_wp_link_placeholder\">Redes Sociais<\/a><\/i><\/b><\/p>\t\t\t\t\t\t<\/div>\n\t\t\t\t<\/div>\n\t\t\t\t<div class=\"elementor-element elementor-element-1cff57d elementor-widget elementor-widget-text-editor\" data-id=\"1cff57d\" data-element_type=\"widget\" data-widget_type=\"text-editor.default\">\n\t\t\t\t<div class=\"elementor-widget-container\">\n\t\t\t\t\t\t\t\t\t\t\t\t\t<\/div>\n\t\t\t\t<\/div>\n\t\t\t\t\t<\/div>\n\t\t<\/div>\n\t\t\t\t\t\t\t<\/div>\n\t\t<\/section>\n\t\t\t\t\t\t<\/div>\n\t\t\t\t\t<\/div>\n\t\t","protected":false},"excerpt":{"rendered":"<p>Tomografia Cone Beam: Uma aliada para Implantodontia (Parte 1) O desenvolvimento da tomografia cone beam (TCFC) \u00e9 um grande avan\u00e7o para odontologia e em especial para a implantodontia, visto que 2\/3 das indica\u00e7\u00f5es de TCFC s\u00e3o para planejamentos de implantes orais. A aplica\u00e7\u00e3o cl\u00ednica da TCFC faz parte de todo o processo, usada desde o &hellip;<\/p>\n<p class=\"read-more\"> <a class=\"\" href=\"http:\/\/blog.radiologiajardim.com.br\/index.php\/2020\/07\/02\/dose-de-sabedoria-4-parte1\/\"> <span class=\"screen-reader-text\">DOSE DE SABEDORIA #4<\/span> Read More &raquo;<\/a><\/p>\n","protected":false},"author":1,"featured_media":763,"comment_status":"open","ping_status":"open","sticky":false,"template":"","format":"standard","meta":{"site-sidebar-layout":"default","site-content-layout":"default","ast-main-header-display":"","ast-hfb-above-header-display":"","ast-hfb-below-header-display":"","ast-hfb-mobile-header-display":"","site-post-title":"","ast-breadcrumbs-content":"","ast-featured-img":"","footer-sml-layout":"","theme-transparent-header-meta":"","adv-header-id-meta":"","stick-header-meta":"","header-above-stick-meta":"","header-main-stick-meta":"","header-below-stick-meta":""},"categories":[2],"tags":[],"_links":{"self":[{"href":"http:\/\/blog.radiologiajardim.com.br\/index.php\/wp-json\/wp\/v2\/posts\/755"}],"collection":[{"href":"http:\/\/blog.radiologiajardim.com.br\/index.php\/wp-json\/wp\/v2\/posts"}],"about":[{"href":"http:\/\/blog.radiologiajardim.com.br\/index.php\/wp-json\/wp\/v2\/types\/post"}],"author":[{"embeddable":true,"href":"http:\/\/blog.radiologiajardim.com.br\/index.php\/wp-json\/wp\/v2\/users\/1"}],"replies":[{"embeddable":true,"href":"http:\/\/blog.radiologiajardim.com.br\/index.php\/wp-json\/wp\/v2\/comments?post=755"}],"version-history":[{"count":3,"href":"http:\/\/blog.radiologiajardim.com.br\/index.php\/wp-json\/wp\/v2\/posts\/755\/revisions"}],"predecessor-version":[{"id":2464,"href":"http:\/\/blog.radiologiajardim.com.br\/index.php\/wp-json\/wp\/v2\/posts\/755\/revisions\/2464"}],"wp:featuredmedia":[{"embeddable":true,"href":"http:\/\/blog.radiologiajardim.com.br\/index.php\/wp-json\/"}],"wp:attachment":[{"href":"http:\/\/blog.radiologiajardim.com.br\/index.php\/wp-json\/wp\/v2\/media?parent=755"}],"wp:term":[{"taxonomy":"category","embeddable":true,"href":"http:\/\/blog.radiologiajardim.com.br\/index.php\/wp-json\/wp\/v2\/categories?post=755"},{"taxonomy":"post_tag","embeddable":true,"href":"http:\/\/blog.radiologiajardim.com.br\/index.php\/wp-json\/wp\/v2\/tags?post=755"}],"curies":[{"name":"wp","href":"https:\/\/api.w.org\/{rel}","templated":true}]}}