{"id":734,"date":"2020-06-18T16:31:45","date_gmt":"2020-06-18T16:31:45","guid":{"rendered":"https:\/\/radiologiajardim.com.br\/?p=734"},"modified":"2022-02-23T18:01:33","modified_gmt":"2022-02-23T21:01:33","slug":"dose-de-sabedoria-2","status":"publish","type":"post","link":"http:\/\/blog.radiologiajardim.com.br\/index.php\/2020\/06\/18\/dose-de-sabedoria-2\/","title":{"rendered":"DOSE DE SABEDORIA #2"},"content":{"rendered":"\t\t<div data-elementor-type=\"wp-post\" data-elementor-id=\"734\" class=\"elementor elementor-734\" data-elementor-settings=\"[]\">\n\t\t\t\t\t\t\t<div class=\"elementor-section-wrap\">\n\t\t\t\t\t\t\t<section class=\"elementor-section elementor-top-section elementor-element elementor-element-84d3496 elementor-section-boxed elementor-section-height-default elementor-section-height-default\" data-id=\"84d3496\" data-element_type=\"section\">\n\t\t\t\t\t\t<div class=\"elementor-container elementor-column-gap-default\">\n\t\t\t\t\t<div class=\"elementor-column elementor-col-100 elementor-top-column elementor-element elementor-element-7a2aab7\" data-id=\"7a2aab7\" data-element_type=\"column\">\n\t\t\t<div class=\"elementor-widget-wrap elementor-element-populated\">\n\t\t\t\t\t\t\t\t<div class=\"elementor-element elementor-element-2528997 elementor-widget elementor-widget-text-editor\" data-id=\"2528997\" data-element_type=\"widget\" data-widget_type=\"text-editor.default\">\n\t\t\t\t<div class=\"elementor-widget-container\">\n\t\t\t<style>\/*! elementor - v3.5.6 - 28-02-2022 *\/\n.elementor-widget-text-editor.elementor-drop-cap-view-stacked .elementor-drop-cap{background-color:#818a91;color:#fff}.elementor-widget-text-editor.elementor-drop-cap-view-framed .elementor-drop-cap{color:#818a91;border:3px solid;background-color:transparent}.elementor-widget-text-editor:not(.elementor-drop-cap-view-default) .elementor-drop-cap{margin-top:8px}.elementor-widget-text-editor:not(.elementor-drop-cap-view-default) .elementor-drop-cap-letter{width:1em;height:1em}.elementor-widget-text-editor .elementor-drop-cap{float:left;text-align:center;line-height:1;font-size:50px}.elementor-widget-text-editor .elementor-drop-cap-letter{display:inline-block}<\/style>\t\t\t\t<p dir=\"ltr\" style=\"line-height: 1.38; text-align: center; margin-top: 0pt; margin-bottom: 12pt;\"><strong><span style=\"font-size: 12pt; font-family: 'Times New Roman'; color: #000000; background-color: transparent; font-style: normal; font-variant: normal; text-decoration: none; vertical-align: baseline; white-space: pre-wrap;\">RELEVANCIA DA TOMOGRAFIA CONE BEAM PARA O DIAGN\u00d3STICO DE TERCEIROS MOLARES<\/span><\/strong><\/p><p>\u00a0<\/p><p>Com o avan\u00e7o da tecnologia, a tomografia cone beam (TCFC) permitiu uma perspectiva favor\u00e1vel para o diagn\u00f3stico e planejamento cir\u00fargico em casos mais complexos, pois permite a visualiza\u00e7\u00e3o das estruturas dent\u00e1rias e anat\u00f4micas circunjacentes em car\u00e1ter tridimensional, que permite maior previsibilidade e precis\u00e3o nos procedimentos.<\/p><p>No caso a seguir, o exame TCFC foi norteador para a an\u00e1lise do dente 38 semi-incluso, impactado horizontalmente, justaposi\u00e7\u00e3o ao canal mandibular e trajeto do canal mandibular para face lingual do rebordo alveolar. Observa-se uma imagem adicional de car\u00e1ter consider\u00e1vel &#8211; visualiza\u00e7\u00e3o do aumento do fol\u00edculo coron\u00e1rio que apresenta contato com o canal mandibular -, no qual a hip\u00f3tese de diagn\u00f3stico \u00e9 de Cisto dent\u00edgero.<\/p><p><img loading=\"lazy\" src=\"https:\/\/radiologiajardim.com.br\/wp-content\/uploads\/2020\/06\/imagem02.png\" alt=\"\" width=\"1081\" height=\"384\" \/> <img loading=\"lazy\" src=\"https:\/\/radiologiajardim.com.br\/wp-content\/uploads\/2020\/06\/imagem01.png\" alt=\"\" width=\"1081\" height=\"260\" \/><\/p><p><i>Ressalta-se, para diagn\u00f3stico final, ser necess\u00e1rio associar a imagem com an\u00e1lise histopatol\u00f3gico complementar.<\/i><\/p><p>\u00a0<\/p><blockquote><h5>\u00a0Cisto dent\u00edgero: \u00c9 o tipo de cisto odontog\u00eanico de desenvolvimento mais comum. Definido como um cisto que se origina pela separa\u00e7\u00e3o do fol\u00edculo coron\u00e1rio que fica ao redor da coroa de um dente incluso e se conecta ao dente pela jun\u00e7\u00e3o amelocement\u00e1ria. <br \/>Em geral s\u00e3o assintom\u00e1ticos e descobertos somente em exames radiogr\u00e1ficos, por\u00e9m, cistos podem se tornar infectados e associados \u00e0 dor e edema. Radiograficamente, o cisto dent\u00edgero mostra tipicamente uma \u00e1rea radiol\u00facida\/ hipodensa que est\u00e1 associada \u00e0 coroa de um dente incluso. A les\u00e3o apresenta uma margem bem definida e frequentemente escler\u00f3tica. H\u00e1 varia\u00e7\u00f5es da rela\u00e7\u00e3o entre cisto\/ coroas: <b>central, lateral e circunferencial<\/b>, sendo a central mais comum. Alguns investigadores acreditam que o espa\u00e7o radiol\u00facido; hipodenso que envolve a coroa do dente deve ser aproximadamente 3 ao 4 mm de di\u00e2metro. Contudo, achados radiogr\u00e1ficos n\u00e3o s\u00e3o diagn\u00f3sticos definitivos para cisto dent\u00edgero, pois, ceratocistos odontog\u00eanicos, ameloblastomas uniloculares e outros tumores odontog\u00eanicos e n\u00e3o odontog\u00eanicos podem apresentar caracter\u00edsticas radiogr\u00e1ficas que s\u00e3o essencialmente id\u00eanticas \u00e0quelas do cisto dent\u00edgero.<\/h5><\/blockquote><div>Assim, a Tomografia Computadorizada Cone beam \u00e9 um primordial instrumento na visualiza\u00e7\u00e3o completa e precisa das estruturas anat\u00f4micas para um planejamento cir\u00fargico de sucesso. <\/div><div>\u00a0<\/div><div><b><i>Dose de Sabedoria por: Dra Ana Luiza Riul, Dr. Luis Fernando Jardim e Dra. Patr\u00edcia Jardim<\/i><\/b><\/div><div><b><i>Siga nossas <a href=\"_wp_link_placeholder\">Redes Sociais<\/a><br \/><\/i><\/b><\/div>\t\t\t\t\t\t<\/div>\n\t\t\t\t<\/div>\n\t\t\t\t\t<\/div>\n\t\t<\/div>\n\t\t\t\t\t\t\t<\/div>\n\t\t<\/section>\n\t\t\t\t\t\t<\/div>\n\t\t\t\t\t<\/div>\n\t\t","protected":false},"excerpt":{"rendered":"<p>RELEV\u00c2NCIA DA TOMOGRAFIA CONE BEAM PARA O DIAGN\u00d3STICO DE TERCEIROS MOLARES Com o avan\u00e7o da tecnologia, a tomografia cone beam (TCFC) permitiu uma perspectiva favor\u00e1vel para o diagn\u00f3stico e planejamento cir\u00fargico em casos mais complexos, pois permite a visualiza\u00e7\u00e3o das estruturas dent\u00e1rias e anat\u00f4micas circunjacentes em car\u00e1ter tridimensional, que permite maior previsibilidade e precis\u00e3o nos &hellip;<\/p>\n<p class=\"read-more\"> <a class=\"\" href=\"http:\/\/blog.radiologiajardim.com.br\/index.php\/2020\/06\/18\/dose-de-sabedoria-2\/\"> <span class=\"screen-reader-text\">DOSE DE SABEDORIA #2<\/span> Read More &raquo;<\/a><\/p>\n","protected":false},"author":1,"featured_media":736,"comment_status":"open","ping_status":"open","sticky":false,"template":"","format":"standard","meta":{"site-sidebar-layout":"default","site-content-layout":"default","ast-main-header-display":"","ast-hfb-above-header-display":"","ast-hfb-below-header-display":"","ast-hfb-mobile-header-display":"","site-post-title":"","ast-breadcrumbs-content":"","ast-featured-img":"","footer-sml-layout":"","theme-transparent-header-meta":"","adv-header-id-meta":"","stick-header-meta":"","header-above-stick-meta":"","header-main-stick-meta":"","header-below-stick-meta":""},"categories":[2],"tags":[],"_links":{"self":[{"href":"http:\/\/blog.radiologiajardim.com.br\/index.php\/wp-json\/wp\/v2\/posts\/734"}],"collection":[{"href":"http:\/\/blog.radiologiajardim.com.br\/index.php\/wp-json\/wp\/v2\/posts"}],"about":[{"href":"http:\/\/blog.radiologiajardim.com.br\/index.php\/wp-json\/wp\/v2\/types\/post"}],"author":[{"embeddable":true,"href":"http:\/\/blog.radiologiajardim.com.br\/index.php\/wp-json\/wp\/v2\/users\/1"}],"replies":[{"embeddable":true,"href":"http:\/\/blog.radiologiajardim.com.br\/index.php\/wp-json\/wp\/v2\/comments?post=734"}],"version-history":[{"count":3,"href":"http:\/\/blog.radiologiajardim.com.br\/index.php\/wp-json\/wp\/v2\/posts\/734\/revisions"}],"predecessor-version":[{"id":2488,"href":"http:\/\/blog.radiologiajardim.com.br\/index.php\/wp-json\/wp\/v2\/posts\/734\/revisions\/2488"}],"wp:featuredmedia":[{"embeddable":true,"href":"http:\/\/blog.radiologiajardim.com.br\/index.php\/wp-json\/"}],"wp:attachment":[{"href":"http:\/\/blog.radiologiajardim.com.br\/index.php\/wp-json\/wp\/v2\/media?parent=734"}],"wp:term":[{"taxonomy":"category","embeddable":true,"href":"http:\/\/blog.radiologiajardim.com.br\/index.php\/wp-json\/wp\/v2\/categories?post=734"},{"taxonomy":"post_tag","embeddable":true,"href":"http:\/\/blog.radiologiajardim.com.br\/index.php\/wp-json\/wp\/v2\/tags?post=734"}],"curies":[{"name":"wp","href":"https:\/\/api.w.org\/{rel}","templated":true}]}}