{"id":716,"date":"2020-06-09T17:40:04","date_gmt":"2020-06-09T17:40:04","guid":{"rendered":"https:\/\/radiologiajardim.com.br\/?p=716"},"modified":"2020-06-09T17:40:04","modified_gmt":"2020-06-09T17:40:04","slug":"diagnostico-de-impactacao-de-terceiros-molares","status":"publish","type":"post","link":"http:\/\/blog.radiologiajardim.com.br\/index.php\/2020\/06\/09\/diagnostico-de-impactacao-de-terceiros-molares\/","title":{"rendered":"Diagn\u00f3stico de impacta\u00e7\u00e3o de terceiros molares"},"content":{"rendered":"\t\t<div data-elementor-type=\"wp-post\" data-elementor-id=\"716\" class=\"elementor elementor-716\" data-elementor-settings=\"[]\">\n\t\t\t\t\t\t\t<div class=\"elementor-section-wrap\">\n\t\t\t\t\t\t\t<section class=\"elementor-section elementor-top-section elementor-element elementor-element-7bec584a elementor-section-boxed elementor-section-height-default elementor-section-height-default\" data-id=\"7bec584a\" data-element_type=\"section\">\n\t\t\t\t\t\t<div class=\"elementor-container elementor-column-gap-default\">\n\t\t\t\t\t<div class=\"elementor-column elementor-col-100 elementor-top-column elementor-element elementor-element-478b87cf\" data-id=\"478b87cf\" data-element_type=\"column\">\n\t\t\t<div class=\"elementor-widget-wrap elementor-element-populated\">\n\t\t\t\t\t\t\t\t<div class=\"elementor-element elementor-element-55fb80ff elementor-widget elementor-widget-text-editor\" data-id=\"55fb80ff\" data-element_type=\"widget\" data-widget_type=\"text-editor.default\">\n\t\t\t\t<div class=\"elementor-widget-container\">\n\t\t\t<style>\/*! elementor - v3.5.6 - 28-02-2022 *\/\n.elementor-widget-text-editor.elementor-drop-cap-view-stacked .elementor-drop-cap{background-color:#818a91;color:#fff}.elementor-widget-text-editor.elementor-drop-cap-view-framed .elementor-drop-cap{color:#818a91;border:3px solid;background-color:transparent}.elementor-widget-text-editor:not(.elementor-drop-cap-view-default) .elementor-drop-cap{margin-top:8px}.elementor-widget-text-editor:not(.elementor-drop-cap-view-default) .elementor-drop-cap-letter{width:1em;height:1em}.elementor-widget-text-editor .elementor-drop-cap{float:left;text-align:center;line-height:1;font-size:50px}.elementor-widget-text-editor .elementor-drop-cap-letter{display:inline-block}<\/style>\t\t\t\t<p><!-- wp:heading {\"level\":4} --><\/p>\n<h4>RADIOLOGIA ODONTOL\u00d3GICA APLICADA AO PLANEJAMENTO DE PROCEDIMENTOS DE CIRURGIA ORAL MENOR<\/h4>\n<p><!-- \/wp:heading --><\/p>\n<p><!-- wp:paragraph --><\/p>\n<p>Um dos procedimentos mais comuns dentro dos consult\u00f3rios odontol\u00f3gicos \u00e9 a\u00a0cirurgia de remo\u00e7\u00e3o dos terceiros molares. Os exames radiogr\u00e1ficos constituem importantes aliados na avalia\u00e7\u00e3o pr\u00e9-cir\u00fargica da exodontia, visto que possibilitam observa\u00e7\u00e3o das estruturas anat\u00f4micas e dentes circunjacentes, bem como a avalia\u00e7\u00e3o da anatomia dent\u00e1ria do elemento a ser extra\u00eddo.<\/p>\n<p>Exemplo em radiografia panor\u00e2mica:<\/p>\n<p><!-- \/wp:paragraph --><\/p>\n<p><!-- wp:paragraph --><\/p>\n<p>\u00a0<\/p>\n<h4><img loading=\"lazy\" class=\"aligncenter wp-image-719\" src=\"https:\/\/radiologiajardim.com.br\/wp-content\/uploads\/2020\/06\/postterc.png\" alt=\"\" width=\"574\" height=\"345\" \/><\/h4>\n<p><!-- \/wp:paragraph --><\/p>\n<p><!-- wp:paragraph --><\/p>\n<p>Assim, atrav\u00e9s das radiografias panor\u00e2micas \u00e9 poss\u00edvel complementar o diagn\u00f3stico das inclus\u00f5es de terceiros molares e determinar a classifica\u00e7\u00e3o destes dentes quanto \u00e0 sua posi\u00e7\u00e3o na maxila e mand\u00edbula. Em maxila, as ra\u00edzes dos terceiros molares costumam observar rela\u00e7\u00e3o de contato com os assoalhos dos seios maxilares e com os segundos molares, enquanto que em mand\u00edbula existe a preocupa\u00e7\u00e3o com a les\u00e3o ao feixe v\u00e1sculo nervoso alveolar inferior, o posicionamento da raiz em rela\u00e7\u00e3o ao trajeto do canal da mand\u00edbula e sua rela\u00e7\u00e3o de proximidade ou contato com as corticais vestibulares, lingual e da base da mand\u00edbula.<\/p>\n<p><!-- \/wp:paragraph --><\/p>\n<p><!-- wp:paragraph {\"align\":\"left\"} --><\/p>\n<p style=\"text-align: left;\">Para favorecer o planejamento da terap\u00eautica cir\u00fargica de forma adequada em casos mais complexos, a principal ferramenta de exames de imagens utilizada \u00e9 a tomografia computadorizada <em>cone beam<\/em>, que permite a observa\u00e7\u00e3o de estruturas nos tr\u00eas planos seccionais.<br \/><br \/><br \/><b><i>Dose de Sabedoria por: Dra Ana Luiza Riul, Dr. Luis Fernando Jardim e Dra. Patr\u00edcia Jardim<\/i><\/b><\/p>\n<p><!-- \/wp:paragraph --><\/p>\t\t\t\t\t\t<\/div>\n\t\t\t\t<\/div>\n\t\t\t\t\t<\/div>\n\t\t<\/div>\n\t\t\t\t\t\t\t<\/div>\n\t\t<\/section>\n\t\t\t\t\t\t<\/div>\n\t\t\t\t\t<\/div>\n\t\t","protected":false},"excerpt":{"rendered":"<p>RADIOLOGIA ODONTOL\u00d3GICA APLICADA AO PLANEJAMENTO DE PROCEDIMENTOS DE CIRURGIA ORAL MENOR Um dos procedimentos mais comuns dentro dos consult\u00f3rios odontol\u00f3gicos \u00e9 a\u00a0cirurgia de remo\u00e7\u00e3o dos terceiros molares. Os exames radiogr\u00e1ficos constituem importantes aliados na avalia\u00e7\u00e3o pr\u00e9-cir\u00fargica da exodontia, visto que possibilitam observa\u00e7\u00e3o das estruturas anat\u00f4micas e dentes circunjacentes, bem como a avalia\u00e7\u00e3o da anatomia dent\u00e1ria &hellip;<\/p>\n<p class=\"read-more\"> <a class=\"\" href=\"http:\/\/blog.radiologiajardim.com.br\/index.php\/2020\/06\/09\/diagnostico-de-impactacao-de-terceiros-molares\/\"> <span class=\"screen-reader-text\">Diagn\u00f3stico de impacta\u00e7\u00e3o de terceiros molares<\/span> Read More &raquo;<\/a><\/p>\n","protected":false},"author":1,"featured_media":721,"comment_status":"open","ping_status":"open","sticky":false,"template":"","format":"standard","meta":{"site-sidebar-layout":"default","site-content-layout":"default","ast-main-header-display":"","ast-hfb-above-header-display":"","ast-hfb-below-header-display":"","ast-hfb-mobile-header-display":"","site-post-title":"","ast-breadcrumbs-content":"","ast-featured-img":"","footer-sml-layout":"","theme-transparent-header-meta":"","adv-header-id-meta":"","stick-header-meta":"","header-above-stick-meta":"","header-main-stick-meta":"","header-below-stick-meta":""},"categories":[2],"tags":[12],"_links":{"self":[{"href":"http:\/\/blog.radiologiajardim.com.br\/index.php\/wp-json\/wp\/v2\/posts\/716"}],"collection":[{"href":"http:\/\/blog.radiologiajardim.com.br\/index.php\/wp-json\/wp\/v2\/posts"}],"about":[{"href":"http:\/\/blog.radiologiajardim.com.br\/index.php\/wp-json\/wp\/v2\/types\/post"}],"author":[{"embeddable":true,"href":"http:\/\/blog.radiologiajardim.com.br\/index.php\/wp-json\/wp\/v2\/users\/1"}],"replies":[{"embeddable":true,"href":"http:\/\/blog.radiologiajardim.com.br\/index.php\/wp-json\/wp\/v2\/comments?post=716"}],"version-history":[{"count":0,"href":"http:\/\/blog.radiologiajardim.com.br\/index.php\/wp-json\/wp\/v2\/posts\/716\/revisions"}],"wp:featuredmedia":[{"embeddable":true,"href":"http:\/\/blog.radiologiajardim.com.br\/index.php\/wp-json\/"}],"wp:attachment":[{"href":"http:\/\/blog.radiologiajardim.com.br\/index.php\/wp-json\/wp\/v2\/media?parent=716"}],"wp:term":[{"taxonomy":"category","embeddable":true,"href":"http:\/\/blog.radiologiajardim.com.br\/index.php\/wp-json\/wp\/v2\/categories?post=716"},{"taxonomy":"post_tag","embeddable":true,"href":"http:\/\/blog.radiologiajardim.com.br\/index.php\/wp-json\/wp\/v2\/tags?post=716"}],"curies":[{"name":"wp","href":"https:\/\/api.w.org\/{rel}","templated":true}]}}