{"id":6,"date":"2015-09-29T17:57:19","date_gmt":"2015-09-29T17:57:19","guid":{"rendered":"http:\/\/radiologiajardim.com.br\/?p=1"},"modified":"2015-09-29T17:57:19","modified_gmt":"2015-09-29T17:57:19","slug":"radiografia-paronamica","status":"publish","type":"post","link":"http:\/\/blog.radiologiajardim.com.br\/index.php\/2015\/09\/29\/radiografia-paronamica\/","title":{"rendered":"RADIOGRAFIA PANOR\u00c2MICA"},"content":{"rendered":"<h2>Norteando o profissional<\/h2>\n<p>Os primeiros estudos que culminaram na crian\u00e7\u00e3o da radiografia panor\u00e2mica foram iniciados em 1922 por Zalauf \u2013 que desenvolveu um m\u00e9todo para realizar a tomada radiogr\u00e1fica panor\u00e2mica. Em 1949, Paatero estabeleceu estudos e conceitos de pantomografia (registo de imagem n\u00edtida em superf\u00edcie curva). No Brasil, entretanto, os primeiros equipamentos de radiografia panor\u00e2mica chegaram na d\u00e9cada de 70 e sua utiliza\u00e7\u00e3o at\u00e9 os dias atuais \u00e9 indispens\u00e1vel na rotina da cl\u00ednica odontol\u00f3gica. Esse exame permite ao dentista observar, al\u00e9m dos dentes, todo o complexo maxilo- mandibular. Trata-se de exame essencial ao planejamento e acompanhamento de procedimentos que ser\u00e3o ou foram executados pelo cirurgi\u00e3o dentista.<\/p>\n<p>Dr. Danilo A de Oliveira, \u00e9 mestre em Odontologia, especialista em Radiologia Dento Maxilo Facial \u2013 Radiologia e P\u00f3s Graduado em Tomografia Computadorizada esclarece quais d\u00favidas e indica\u00e7\u00f5es da Radiografia Panor\u00e2mica.<\/p>\n<p><strong><em>O QUE \u00c9 A RADIOGRAFIA PANOR\u00c2MICA?<\/em><\/strong><\/p>\n<p><em>Dr. Danilo Oliveira<\/em> \u2013 <em>Trata-se de exame complementar, n\u00e3o invasivo, de aproximadamente 15 segundos, no qual ser\u00e3o obtidas as imagens das arcadas superior e inferior al\u00e9m dos ossos da face. \u00c9 uma das t\u00e9cnicas radiogr\u00e1ficas mais solicitadas e difundidas em todas as especialidades da Odontologia. A visualiza\u00e7\u00e3o de todos os elementos dentais e suas estruturas anat\u00f4micas s\u00e3o de f\u00e1cil compreens\u00e3o para o Cirurgi\u00e3o Dentista, al\u00e9m da baixa dose de radia\u00e7\u00e3o emitida. Com os avan\u00e7os tecnol\u00f3gicos, as imagem ganharam maior defini\u00e7\u00e3o, proporcionando maior confiabilidade ao exame.<\/em><\/p>\n<p><strong><em>QUAIS AS INDICA\u00c7\u00d5ES DA RADIOGRAFIA PANOR\u00c2MICA?<\/em><\/strong><\/p>\n<p><em>Dr. Danilo Oliveira \u2013 S\u00e3o v\u00e1rias as indica\u00e7\u00f5es, dentre elas: planejamento inicial em implantodontia, avalia\u00e7\u00e3o ortod\u00f4ntica, avalia\u00e7\u00e3o do estado da denti\u00e7\u00e3o, bem como aus\u00eancia dos elementos dentais, avalia\u00e7\u00e3o de les\u00f5es \u00f3sseas, sinusais ou elementos dentais semi-inclusos, inclusos, retidos ou ainda impactados. Indica-se tamb\u00e9m este exame para avalia\u00e7\u00e3o de suporte \u00f3sseo periodontal, al\u00e9m de avalia\u00e7\u00e3o de fraturas \u00f3sseas mandibulares, bem como les\u00f5es destrutivas das superf\u00edcies articulares da ATM.<\/em><\/p>\n<p><strong><em>EM M\u00c9DIA, QUAL O CUSTO, TEMPO DE REALIZA\u00c7\u00c3O DO EXAME E DE RESULTADOS?<\/em><\/strong><\/p>\n<p><em>Dr. Danilo Oliveira \u2013 Os custos s\u00e3o acess\u00edveis ao paciente, \u00e9 importante frisar que alguns conv\u00eanios cobrem este procedimento. O exame \u00e9 r\u00e1pido e os resultados saem imediatamente. Desta forma o paciente j\u00e1 leva o exame radiogr\u00e1fico e os mesmos s\u00e3o enviados ao e-mail do cirurgi\u00e3o-dentista.<\/em><\/p>\n<p>&nbsp;<\/p>\n<div id=\"imagem-autor\"><a href=\"http:\/\/radiologiajardim.com.br\/wp-content\/uploads\/2015\/10\/danilo-tiff.png\"><img loading=\"lazy\" class=\"alignnone size-full wp-image-201\" src=\"http:\/\/radiologiajardim.com.br\/wp-content\/uploads\/2015\/10\/danilo-tiff.png\" alt=\"danilo-tiff\" width=\"141\" height=\"193\" \/><\/a><br \/>\n<strong><em>DR. DANILO A DE OLIVEIRA<\/em><\/strong><\/p>\n<p><em>Mestre em Odontologia UNAERP, Especialista em Imagenologia Dento Maxilo Facial \u2013 Radiologia USP SP, P\u00f3s Graduado em Tomografia Computadorizada USP SP<\/em><\/p>\n<p><em>Atua na Radiologia Odontol\u00f3gica Jardim e Volumetric Imaging Protocol \u2013 VIPTC<\/em>\n<\/div>\n","protected":false},"excerpt":{"rendered":"<p>Norteando o profissional Os primeiros estudos que culminaram na crian\u00e7\u00e3o da radiografia panor\u00e2mica foram iniciados em 1922 por Zalauf \u2013 que desenvolveu um m\u00e9todo para realizar a tomada radiogr\u00e1fica panor\u00e2mica. Em 1949, Paatero estabeleceu estudos e conceitos de pantomografia (registo de imagem n\u00edtida em superf\u00edcie curva). No Brasil, entretanto, os primeiros equipamentos de radiografia panor\u00e2mica &hellip;<\/p>\n<p class=\"read-more\"> <a class=\"\" href=\"http:\/\/blog.radiologiajardim.com.br\/index.php\/2015\/09\/29\/radiografia-paronamica\/\"> <span class=\"screen-reader-text\">RADIOGRAFIA PANOR\u00c2MICA<\/span> Read More &raquo;<\/a><\/p>\n","protected":false},"author":1,"featured_media":38,"comment_status":"open","ping_status":"open","sticky":false,"template":"","format":"standard","meta":{"site-sidebar-layout":"default","site-content-layout":"default","ast-main-header-display":"","ast-hfb-above-header-display":"","ast-hfb-below-header-display":"","ast-hfb-mobile-header-display":"","site-post-title":"","ast-breadcrumbs-content":"","ast-featured-img":"","footer-sml-layout":"","theme-transparent-header-meta":"","adv-header-id-meta":"","stick-header-meta":"","header-above-stick-meta":"","header-main-stick-meta":"","header-below-stick-meta":""},"categories":[2,3],"tags":[],"_links":{"self":[{"href":"http:\/\/blog.radiologiajardim.com.br\/index.php\/wp-json\/wp\/v2\/posts\/6"}],"collection":[{"href":"http:\/\/blog.radiologiajardim.com.br\/index.php\/wp-json\/wp\/v2\/posts"}],"about":[{"href":"http:\/\/blog.radiologiajardim.com.br\/index.php\/wp-json\/wp\/v2\/types\/post"}],"author":[{"embeddable":true,"href":"http:\/\/blog.radiologiajardim.com.br\/index.php\/wp-json\/wp\/v2\/users\/1"}],"replies":[{"embeddable":true,"href":"http:\/\/blog.radiologiajardim.com.br\/index.php\/wp-json\/wp\/v2\/comments?post=6"}],"version-history":[{"count":0,"href":"http:\/\/blog.radiologiajardim.com.br\/index.php\/wp-json\/wp\/v2\/posts\/6\/revisions"}],"wp:featuredmedia":[{"embeddable":true,"href":"http:\/\/blog.radiologiajardim.com.br\/index.php\/wp-json\/"}],"wp:attachment":[{"href":"http:\/\/blog.radiologiajardim.com.br\/index.php\/wp-json\/wp\/v2\/media?parent=6"}],"wp:term":[{"taxonomy":"category","embeddable":true,"href":"http:\/\/blog.radiologiajardim.com.br\/index.php\/wp-json\/wp\/v2\/categories?post=6"},{"taxonomy":"post_tag","embeddable":true,"href":"http:\/\/blog.radiologiajardim.com.br\/index.php\/wp-json\/wp\/v2\/tags?post=6"}],"curies":[{"name":"wp","href":"https:\/\/api.w.org\/{rel}","templated":true}]}}