{"id":360,"date":"2018-06-08T13:59:23","date_gmt":"2018-06-08T13:59:23","guid":{"rendered":"http:\/\/radiologiajardim.com.br\/?p=360"},"modified":"2018-06-08T13:59:23","modified_gmt":"2018-06-08T13:59:23","slug":"tomografia-computadorizada-radiologia-jardim","status":"publish","type":"post","link":"http:\/\/blog.radiologiajardim.com.br\/index.php\/2018\/06\/08\/tomografia-computadorizada-radiologia-jardim\/","title":{"rendered":"Tomografia Computadorizada em Ribeir\u00e3o Preto"},"content":{"rendered":"<p style=\"text-align: left;\">Inauguramos nossa sala de <strong>Tomografia Computadorizada na Radiologia Jardim<\/strong>.<\/p>\n<p>No entanto, a partir do dia 01\/06\/2018, nossos amigos profissionais, podem solicitar exames de Tomografia Computadorizada para a Radiologia Jardim.<\/p>\n<p>Certamente a qualidade e cortesia no atendimento j\u00e1 \u00e9 reconhecida por todos. A nossa sala de exames \u00e9 totalmente nova e estruturada para melhor atender nossos clientes e parceiros.<\/p>\n<p>Contamos com equipamentos e tecnologia de ponta, como por exemplo, o conhecido e consagrado Tom\u00f3grafo iCat NEXT GENERATION, com qualidade e precis\u00e3o para realizar os exames.<\/p>\n<p>Fa\u00e7a uma visita! Conhe\u00e7a nossa <a href=\"https:\/\/radiologiajardim.com.br\/nova-estrurua\/\">nova estrutura<\/a>!<\/p>\n<p><a href=\"http:\/\/www.instagram.com\/radiologia.jardim\">Instagram<\/a><br \/>\n<a href=\"http:\/\/wwww.facebook.com\/radiologia.jardim\">Facebook<\/a><\/p>\n<hr \/>\n<p><img loading=\"lazy\" class=\"alignnone wp-image-361\" src=\"http:\/\/radiologiajardim.com.br\/wp-content\/uploads\/2018\/06\/tomosite3-1.png\" alt=\"Tomografo ICAT, Tomografia Computadorizada.\" width=\"366\" height=\"241\" \/><\/p>\n<p>Sala de exame, Tomografo iCat.<\/p>\n<hr \/>\n<p><img loading=\"lazy\" class=\"alignnone wp-image-362\" src=\"http:\/\/radiologiajardim.com.br\/wp-content\/uploads\/2018\/06\/tomosite2-1.png\" alt=\"Sala de espera, Tomografia Computadorizada\" width=\"362\" height=\"230\" \/><\/p>\n<p>Sala de espera para exames.<\/p>\n","protected":false},"excerpt":{"rendered":"<p>Inauguramos nossa sala de Tomografia Computadorizada na Radiologia Jardim. No entanto, a partir do dia 01\/06\/2018, nossos amigos profissionais, podem solicitar exames de Tomografia Computadorizada para a Radiologia Jardim. Certamente a qualidade e cortesia no atendimento j\u00e1 \u00e9 reconhecida por todos. A nossa sala de exames \u00e9 totalmente nova e estruturada para melhor atender nossos &hellip;<\/p>\n<p class=\"read-more\"> <a class=\"\" href=\"http:\/\/blog.radiologiajardim.com.br\/index.php\/2018\/06\/08\/tomografia-computadorizada-radiologia-jardim\/\"> <span class=\"screen-reader-text\">Tomografia Computadorizada em Ribeir\u00e3o Preto<\/span> Read More &raquo;<\/a><\/p>\n","protected":false},"author":1,"featured_media":375,"comment_status":"open","ping_status":"open","sticky":false,"template":"","format":"standard","meta":{"site-sidebar-layout":"default","site-content-layout":"default","ast-main-header-display":"","ast-hfb-above-header-display":"","ast-hfb-below-header-display":"","ast-hfb-mobile-header-display":"","site-post-title":"","ast-breadcrumbs-content":"","ast-featured-img":"","footer-sml-layout":"","theme-transparent-header-meta":"","adv-header-id-meta":"","stick-header-meta":"","header-above-stick-meta":"","header-main-stick-meta":"","header-below-stick-meta":""},"categories":[2],"tags":[5,7],"_links":{"self":[{"href":"http:\/\/blog.radiologiajardim.com.br\/index.php\/wp-json\/wp\/v2\/posts\/360"}],"collection":[{"href":"http:\/\/blog.radiologiajardim.com.br\/index.php\/wp-json\/wp\/v2\/posts"}],"about":[{"href":"http:\/\/blog.radiologiajardim.com.br\/index.php\/wp-json\/wp\/v2\/types\/post"}],"author":[{"embeddable":true,"href":"http:\/\/blog.radiologiajardim.com.br\/index.php\/wp-json\/wp\/v2\/users\/1"}],"replies":[{"embeddable":true,"href":"http:\/\/blog.radiologiajardim.com.br\/index.php\/wp-json\/wp\/v2\/comments?post=360"}],"version-history":[{"count":0,"href":"http:\/\/blog.radiologiajardim.com.br\/index.php\/wp-json\/wp\/v2\/posts\/360\/revisions"}],"wp:featuredmedia":[{"embeddable":true,"href":"http:\/\/blog.radiologiajardim.com.br\/index.php\/wp-json\/"}],"wp:attachment":[{"href":"http:\/\/blog.radiologiajardim.com.br\/index.php\/wp-json\/wp\/v2\/media?parent=360"}],"wp:term":[{"taxonomy":"category","embeddable":true,"href":"http:\/\/blog.radiologiajardim.com.br\/index.php\/wp-json\/wp\/v2\/categories?post=360"},{"taxonomy":"post_tag","embeddable":true,"href":"http:\/\/blog.radiologiajardim.com.br\/index.php\/wp-json\/wp\/v2\/tags?post=360"}],"curies":[{"name":"wp","href":"https:\/\/api.w.org\/{rel}","templated":true}]}}