{"id":1497,"date":"2021-07-17T13:52:46","date_gmt":"2021-07-17T13:52:46","guid":{"rendered":"https:\/\/radiologiajardim.com.br\/?p=1497"},"modified":"2022-02-19T10:10:35","modified_gmt":"2022-02-19T13:10:35","slug":"dose-de-sabedoria-43-2","status":"publish","type":"post","link":"http:\/\/blog.radiologiajardim.com.br\/index.php\/2021\/07\/17\/dose-de-sabedoria-43-2\/","title":{"rendered":"DOSE DE SABEDORIA #53"},"content":{"rendered":"\t\t<div data-elementor-type=\"wp-post\" data-elementor-id=\"1497\" class=\"elementor elementor-1497\" data-elementor-settings=\"[]\">\n\t\t\t\t\t\t\t<div class=\"elementor-section-wrap\">\n\t\t\t\t\t\t\t<section class=\"elementor-section elementor-top-section elementor-element elementor-element-e2f1113 elementor-section-boxed elementor-section-height-default elementor-section-height-default\" data-id=\"e2f1113\" data-element_type=\"section\">\n\t\t\t\t\t\t<div class=\"elementor-container elementor-column-gap-default\">\n\t\t\t\t\t<div class=\"elementor-column elementor-col-100 elementor-top-column elementor-element elementor-element-775645d\" data-id=\"775645d\" data-element_type=\"column\">\n\t\t\t<div class=\"elementor-widget-wrap elementor-element-populated\">\n\t\t\t\t\t\t\t\t<div class=\"elementor-element elementor-element-3f83239 elementor-widget elementor-widget-text-editor\" data-id=\"3f83239\" data-element_type=\"widget\" data-widget_type=\"text-editor.default\">\n\t\t\t\t<div class=\"elementor-widget-container\">\n\t\t\t<style>\/*! elementor - v3.5.6 - 28-02-2022 *\/\n.elementor-widget-text-editor.elementor-drop-cap-view-stacked .elementor-drop-cap{background-color:#818a91;color:#fff}.elementor-widget-text-editor.elementor-drop-cap-view-framed .elementor-drop-cap{color:#818a91;border:3px solid;background-color:transparent}.elementor-widget-text-editor:not(.elementor-drop-cap-view-default) .elementor-drop-cap{margin-top:8px}.elementor-widget-text-editor:not(.elementor-drop-cap-view-default) .elementor-drop-cap-letter{width:1em;height:1em}.elementor-widget-text-editor .elementor-drop-cap{float:left;text-align:center;line-height:1;font-size:50px}.elementor-widget-text-editor .elementor-drop-cap-letter{display:inline-block}<\/style>\t\t\t\t<p>Se todo m\u00eas ganha uma cor pra alertar sobre um tema importante, julho vem vestido de verde, numa campanha para conscientizar sobre o c\u00e2ncer de cabe\u00e7a e pesco\u00e7o.<\/p>\n<p>&nbsp;&nbsp;&nbsp;&nbsp;&nbsp;&nbsp;&nbsp;&nbsp;&nbsp;&nbsp;&nbsp; A campanha deste ano ganha ainda mais import\u00e2ncia devido ao impacto causado pela pandemia a 43% dos pacientes em tratamento de c\u00e2ncer, segundo levantamento do Instituto Oncoguia.&nbsp; A Organiza\u00e7\u00e3o Mundial da Sa\u00fade (OMS) tamb\u00e9m reconhece os resultados negativos da pandemia no tratamento do c\u00e2ncer.<\/p>\n<p>&nbsp;&nbsp;&nbsp;&nbsp;&nbsp;&nbsp;&nbsp;&nbsp;&nbsp;&nbsp;&nbsp; <strong>Incid\u00eancia:<\/strong><\/p>\n<p>No Brasil, o c\u00e2ncer de cabe\u00e7a e pesco\u00e7o deve acometer anualmente de 35 mil a 40 mil brasileiros. Segundo levantamento do Instituto Nacional de C\u00e2ncer (Inca), o c\u00e2ncer de boca, laringe e demais s\u00edtios \u00e9 hoje o segundo mais frequente entre os homens, atr\u00e1s somente do c\u00e2ncer de pr\u00f3stata. Nas mulheres, \u00e9 o quinto mais comum, ficando atr\u00e1s do c\u00e2ncer de mama, tireoide, c\u00f3lon e reto.<\/p>\n<p>O c\u00e2ncer de cavidade oral \u00e9 o s\u00e9timo mais comum no Brasil. Uso excessivo de bebidas alco\u00f3licas ou de cigarro pode ocasionar a doen\u00e7a, assim como a exposi\u00e7\u00e3o excessiva aos raios solares. O HPV tamb\u00e9m est\u00e1 associado ao c\u00e2ncer de cabe\u00e7a e pesco\u00e7o. O diagn\u00f3stico da doen\u00e7a entre jovens (menores que 45 anos) tem se tornado frequente, decorrentes de tumores originados pelo HPV.<\/p>\n<p>Em 2020, o c\u00e2ncer de tireoide acometeu aproximadamente 12 mil mulheres (novos casos). Entre os homens, foram 11 mil novos casos; e em laringe, aproximadamente 6,5 mil novos casos.<\/p>\n<p>Aproximadamente 60% dos casos de c\u00e2ncer de cabe\u00e7a e pesco\u00e7o s\u00e3o diagnosticados tardiamente, aumentando as possibilidades de sequelas no paciente e diminuindo as chances de cura, assim a import\u00e2ncia da campanha <strong>em divulgar a import\u00e2ncia do diagn\u00f3stico precoce.<\/strong><\/p>\n<p><strong>Fique atento aos principais sinais e sintomas do c\u00e2ncer de cabe\u00e7as e pesco\u00e7o:<\/strong><\/p>\n<p>&#8211; Feridas na boca que n\u00e3o cicatrizam;<\/p>\n<p>&#8211; Mudan\u00e7as na voz ou rouquid\u00e3o por mais de duas semanas;<\/p>\n<p>&#8211; Irrita\u00e7\u00e3o ou dor na garganta;<\/p>\n<p>-Manchas vermelhas ou esbranqui\u00e7adas na regi\u00e3o bucal;<\/p>\n<p>&#8211; Caro\u00e7o no pesco\u00e7o;<\/p>\n<p>&#8211; Dificuldade\/ dor para mastigar ou engolir;<\/p>\n<p>&#8211; Perda de peso sem motivo aparente;<\/p>\n<p>-Mau h\u00e1lito frequente;<\/p>\n<p>&#8211; Ferida no rosto que n\u00e3o cicatriza;<\/p>\n<p>&#8211; Dentes moles ou dor em torno deles.<\/p>\n<p>&nbsp;&nbsp;&nbsp;&nbsp;&nbsp;&nbsp;&nbsp;&nbsp;&nbsp;&nbsp;&nbsp; <strong>Ao identificar algum desses sinais\/ sintomas, que dure por mais de duas semanas, procure um m\u00e9dico ou dentista.<\/strong><\/p>\t\t\t\t\t\t<\/div>\n\t\t\t\t<\/div>\n\t\t\t\t\t<\/div>\n\t\t<\/div>\n\t\t\t\t\t\t\t<\/div>\n\t\t<\/section>\n\t\t\t\t\t\t<\/div>\n\t\t\t\t\t<\/div>\n\t\t","protected":false},"excerpt":{"rendered":"<p>Se todo m\u00eas ganha uma cor pra alertar sobre um tema importante, julho vem vestido de verde, numa campanha para conscientizar sobre o c\u00e2ncer de cabe\u00e7a e pesco\u00e7o. A campanha deste ano ganha ainda mais import\u00e2ncia devido ao impacto causado pela pandemia a 43% dos pacientes em tratamento de c\u00e2ncer, segundo levantamento do Instituto Oncoguia.\u00a0 &hellip;<\/p>\n<p class=\"read-more\"> <a class=\"\" href=\"http:\/\/blog.radiologiajardim.com.br\/index.php\/2021\/07\/17\/dose-de-sabedoria-43-2\/\"> <span class=\"screen-reader-text\">DOSE DE SABEDORIA #53<\/span> Read More &raquo;<\/a><\/p>\n","protected":false},"author":1,"featured_media":0,"comment_status":"open","ping_status":"open","sticky":false,"template":"","format":"standard","meta":{"site-sidebar-layout":"default","site-content-layout":"default","ast-main-header-display":"","ast-hfb-above-header-display":"","ast-hfb-below-header-display":"","ast-hfb-mobile-header-display":"","site-post-title":"","ast-breadcrumbs-content":"","ast-featured-img":"","footer-sml-layout":"","theme-transparent-header-meta":"","adv-header-id-meta":"","stick-header-meta":"","header-above-stick-meta":"","header-main-stick-meta":"","header-below-stick-meta":""},"categories":[1],"tags":[],"_links":{"self":[{"href":"http:\/\/blog.radiologiajardim.com.br\/index.php\/wp-json\/wp\/v2\/posts\/1497"}],"collection":[{"href":"http:\/\/blog.radiologiajardim.com.br\/index.php\/wp-json\/wp\/v2\/posts"}],"about":[{"href":"http:\/\/blog.radiologiajardim.com.br\/index.php\/wp-json\/wp\/v2\/types\/post"}],"author":[{"embeddable":true,"href":"http:\/\/blog.radiologiajardim.com.br\/index.php\/wp-json\/wp\/v2\/users\/1"}],"replies":[{"embeddable":true,"href":"http:\/\/blog.radiologiajardim.com.br\/index.php\/wp-json\/wp\/v2\/comments?post=1497"}],"version-history":[{"count":3,"href":"http:\/\/blog.radiologiajardim.com.br\/index.php\/wp-json\/wp\/v2\/posts\/1497\/revisions"}],"predecessor-version":[{"id":2189,"href":"http:\/\/blog.radiologiajardim.com.br\/index.php\/wp-json\/wp\/v2\/posts\/1497\/revisions\/2189"}],"wp:attachment":[{"href":"http:\/\/blog.radiologiajardim.com.br\/index.php\/wp-json\/wp\/v2\/media?parent=1497"}],"wp:term":[{"taxonomy":"category","embeddable":true,"href":"http:\/\/blog.radiologiajardim.com.br\/index.php\/wp-json\/wp\/v2\/categories?post=1497"},{"taxonomy":"post_tag","embeddable":true,"href":"http:\/\/blog.radiologiajardim.com.br\/index.php\/wp-json\/wp\/v2\/tags?post=1497"}],"curies":[{"name":"wp","href":"https:\/\/api.w.org\/{rel}","templated":true}]}}