{"id":1423,"date":"2021-06-10T19:04:46","date_gmt":"2021-06-10T19:04:46","guid":{"rendered":"https:\/\/radiologiajardim.com.br\/?p=1423"},"modified":"2022-02-21T10:31:48","modified_gmt":"2022-02-21T13:31:48","slug":"dose-de-sabedoria-48","status":"publish","type":"post","link":"http:\/\/blog.radiologiajardim.com.br\/index.php\/2021\/06\/10\/dose-de-sabedoria-48\/","title":{"rendered":"DOSE DE SABEDORIA #48"},"content":{"rendered":"\t\t<div data-elementor-type=\"wp-post\" data-elementor-id=\"1423\" class=\"elementor elementor-1423\" data-elementor-settings=\"[]\">\n\t\t\t\t\t\t\t<div class=\"elementor-section-wrap\">\n\t\t\t\t\t\t\t<section class=\"elementor-section elementor-top-section elementor-element elementor-element-1e7ac84 elementor-section-boxed elementor-section-height-default elementor-section-height-default\" data-id=\"1e7ac84\" data-element_type=\"section\">\n\t\t\t\t\t\t<div class=\"elementor-container elementor-column-gap-default\">\n\t\t\t\t\t<div class=\"elementor-column elementor-col-100 elementor-top-column elementor-element elementor-element-c5c70ed\" data-id=\"c5c70ed\" data-element_type=\"column\">\n\t\t\t<div class=\"elementor-widget-wrap elementor-element-populated\">\n\t\t\t\t\t\t\t\t<div class=\"elementor-element elementor-element-efa4adf elementor-widget elementor-widget-text-editor\" data-id=\"efa4adf\" data-element_type=\"widget\" data-widget_type=\"text-editor.default\">\n\t\t\t\t<div class=\"elementor-widget-container\">\n\t\t\t<style>\/*! elementor - v3.5.6 - 28-02-2022 *\/\n.elementor-widget-text-editor.elementor-drop-cap-view-stacked .elementor-drop-cap{background-color:#818a91;color:#fff}.elementor-widget-text-editor.elementor-drop-cap-view-framed .elementor-drop-cap{color:#818a91;border:3px solid;background-color:transparent}.elementor-widget-text-editor:not(.elementor-drop-cap-view-default) .elementor-drop-cap{margin-top:8px}.elementor-widget-text-editor:not(.elementor-drop-cap-view-default) .elementor-drop-cap-letter{width:1em;height:1em}.elementor-widget-text-editor .elementor-drop-cap{float:left;text-align:center;line-height:1;font-size:50px}.elementor-widget-text-editor .elementor-drop-cap-letter{display:inline-block}<\/style>\t\t\t\t<h1>Dentes \u201cenamorados\u201d<\/h1><p>Uma das problem\u00e1ticas mais associadas \u00e0 remo\u00e7\u00e3o de molares inferiores inclusos e impactados \u00e9 o risco de fratura mandibular. Terceiros molares impactados na mand\u00edbula ocupam o espa\u00e7o que normalmente seria preenchido por tecido \u00f3sseo. Entende-se por dente impactado aqueles elementos que falham ao irromper na arcada dent\u00e1ria dentro do tempo previsto, podendo ser por rela\u00e7\u00e3o com os dentes adjacentes, recobrimento \u00f3sseo denso, tecido mole excessivo, ou por anormalidade gen\u00e9tica que podem levar ao n\u00e3o irrompimento dos elementos. Esses elementos impactados, com progn\u00f3stico de n\u00e3o irromperem, habitualmente s\u00e3o indicados para remo\u00e7\u00e3o cir\u00fargica.<\/p><p>O achado desta semana refere-se a presen\u00e7a dentes 47 e 48 inclusos e impactados horizontalmente, suprajacente a cortical superior do canal mandibular (Imagem 1) em uma radiografia de rotina de periapical.<\/p><p>\u00a0\u00a0<img loading=\"lazy\" class=\"wp-image-1426 aligncenter\" src=\"https:\/\/radiologiajardim.com.br\/wp-content\/uploads\/2021\/06\/1-1-640x507.png\" alt=\"\" width=\"404\" height=\"320\" \/>\u00a0\u00a0\u00a0\u00a0\u00a0\u00a0\u00a0\u00a0\u00a0\u00a0\u00a0\u00a0\u00a0\u00a0\u00a0\u00a0\u00a0\u00a0\u00a0\u00a0\u00a0\u00a0\u00a0\u00a0\u00a0\u00a0\u00a0\u00a0\u00a0\u00a0\u00a0\u00a0\u00a0\u00a0<\/p><p>Imagem 1 \u2013 Dentes \u201cenamorados\u201d dos dentes 48 e 47<\/p><p>A ressalva \u00e9 que para melhor avalia\u00e7\u00e3o dos dentes em rela\u00e7\u00e3o a estrutura \u00f3ssea e o canal mandibular sugere-se a Tomografia Cone Beam.<br \/><br \/><\/p><hr \/><p>VEJA O POST ANTERIOR: <a title=\"DOSE DE SABEDORIA #47\" href=\"https:\/\/radiologiajardim.com.br\/dose-de-sabedoria-47\/\">&#8220;Calcifica\u00e7\u00e3o em Tecido Mole do Complexo Maxilofacial&#8221;<\/a><\/p><div><b><i>Dose de Sabedoria por: Dra Ana Luiza Riul, Dr. Luis Fernando Jardim e Dra. Patr\u00edcia Jardim<\/i><\/b><\/div><p><b><i>Siga nossas <a href=\"http:\/\/instagram.com\/radiologia.jardim\" target=\"_blank\" rel=\"noopener\">REDES SOCIAIS<\/a><\/i><\/b><\/p><p><br \/><br \/><\/p>\t\t\t\t\t\t<\/div>\n\t\t\t\t<\/div>\n\t\t\t\t\t<\/div>\n\t\t<\/div>\n\t\t\t\t\t\t\t<\/div>\n\t\t<\/section>\n\t\t\t\t\t\t<\/div>\n\t\t\t\t\t<\/div>\n\t\t","protected":false},"excerpt":{"rendered":"<p>Dentes \u201cenamorados\u201d Uma das problem\u00e1ticas mais associadas \u00e0 remo\u00e7\u00e3o de molares inferiores inclusos e impactados \u00e9 o risco de fratura mandibular. Terceiros molares impactados na mand\u00edbula ocupam o espa\u00e7o que normalmente seria preenchido por tecido \u00f3sseo. Entende-se por dente impactado aqueles elementos que falham ao irromper na arcada dent\u00e1ria dentro do tempo previsto, podendo ser &hellip;<\/p>\n<p class=\"read-more\"> <a class=\"\" href=\"http:\/\/blog.radiologiajardim.com.br\/index.php\/2021\/06\/10\/dose-de-sabedoria-48\/\"> <span class=\"screen-reader-text\">DOSE DE SABEDORIA #48<\/span> Read More &raquo;<\/a><\/p>\n","protected":false},"author":1,"featured_media":0,"comment_status":"open","ping_status":"open","sticky":false,"template":"","format":"standard","meta":{"site-sidebar-layout":"default","site-content-layout":"default","ast-main-header-display":"","ast-hfb-above-header-display":"","ast-hfb-below-header-display":"","ast-hfb-mobile-header-display":"","site-post-title":"","ast-breadcrumbs-content":"","ast-featured-img":"","footer-sml-layout":"","theme-transparent-header-meta":"","adv-header-id-meta":"","stick-header-meta":"","header-above-stick-meta":"","header-main-stick-meta":"","header-below-stick-meta":""},"categories":[1],"tags":[],"_links":{"self":[{"href":"http:\/\/blog.radiologiajardim.com.br\/index.php\/wp-json\/wp\/v2\/posts\/1423"}],"collection":[{"href":"http:\/\/blog.radiologiajardim.com.br\/index.php\/wp-json\/wp\/v2\/posts"}],"about":[{"href":"http:\/\/blog.radiologiajardim.com.br\/index.php\/wp-json\/wp\/v2\/types\/post"}],"author":[{"embeddable":true,"href":"http:\/\/blog.radiologiajardim.com.br\/index.php\/wp-json\/wp\/v2\/users\/1"}],"replies":[{"embeddable":true,"href":"http:\/\/blog.radiologiajardim.com.br\/index.php\/wp-json\/wp\/v2\/comments?post=1423"}],"version-history":[{"count":1,"href":"http:\/\/blog.radiologiajardim.com.br\/index.php\/wp-json\/wp\/v2\/posts\/1423\/revisions"}],"predecessor-version":[{"id":2248,"href":"http:\/\/blog.radiologiajardim.com.br\/index.php\/wp-json\/wp\/v2\/posts\/1423\/revisions\/2248"}],"wp:attachment":[{"href":"http:\/\/blog.radiologiajardim.com.br\/index.php\/wp-json\/wp\/v2\/media?parent=1423"}],"wp:term":[{"taxonomy":"category","embeddable":true,"href":"http:\/\/blog.radiologiajardim.com.br\/index.php\/wp-json\/wp\/v2\/categories?post=1423"},{"taxonomy":"post_tag","embeddable":true,"href":"http:\/\/blog.radiologiajardim.com.br\/index.php\/wp-json\/wp\/v2\/tags?post=1423"}],"curies":[{"name":"wp","href":"https:\/\/api.w.org\/{rel}","templated":true}]}}