{"id":1411,"date":"2021-06-02T16:36:52","date_gmt":"2021-06-02T16:36:52","guid":{"rendered":"https:\/\/radiologiajardim.com.br\/?p=1411"},"modified":"2022-02-21T10:33:06","modified_gmt":"2022-02-21T13:33:06","slug":"dose-de-sabedoria-47","status":"publish","type":"post","link":"http:\/\/blog.radiologiajardim.com.br\/index.php\/2021\/06\/02\/dose-de-sabedoria-47\/","title":{"rendered":"DOSE DE SABEDORIA #47"},"content":{"rendered":"\t\t<div data-elementor-type=\"wp-post\" data-elementor-id=\"1411\" class=\"elementor elementor-1411\" data-elementor-settings=\"[]\">\n\t\t\t\t\t\t\t<div class=\"elementor-section-wrap\">\n\t\t\t\t\t\t\t<section class=\"elementor-section elementor-top-section elementor-element elementor-element-a007769 elementor-section-boxed elementor-section-height-default elementor-section-height-default\" data-id=\"a007769\" data-element_type=\"section\">\n\t\t\t\t\t\t<div class=\"elementor-container elementor-column-gap-default\">\n\t\t\t\t\t<div class=\"elementor-column elementor-col-100 elementor-top-column elementor-element elementor-element-d03d158\" data-id=\"d03d158\" data-element_type=\"column\">\n\t\t\t<div class=\"elementor-widget-wrap elementor-element-populated\">\n\t\t\t\t\t\t\t\t<div class=\"elementor-element elementor-element-e301d23 elementor-widget elementor-widget-text-editor\" data-id=\"e301d23\" data-element_type=\"widget\" data-widget_type=\"text-editor.default\">\n\t\t\t\t<div class=\"elementor-widget-container\">\n\t\t\t<style>\/*! elementor - v3.5.6 - 28-02-2022 *\/\n.elementor-widget-text-editor.elementor-drop-cap-view-stacked .elementor-drop-cap{background-color:#818a91;color:#fff}.elementor-widget-text-editor.elementor-drop-cap-view-framed .elementor-drop-cap{color:#818a91;border:3px solid;background-color:transparent}.elementor-widget-text-editor:not(.elementor-drop-cap-view-default) .elementor-drop-cap{margin-top:8px}.elementor-widget-text-editor:not(.elementor-drop-cap-view-default) .elementor-drop-cap-letter{width:1em;height:1em}.elementor-widget-text-editor .elementor-drop-cap{float:left;text-align:center;line-height:1;font-size:50px}.elementor-widget-text-editor .elementor-drop-cap-letter{display:inline-block}<\/style>\t\t\t\t<h1>Calcifica\u00e7\u00e3o em Tecido Mole do Complexo Maxilofacial<\/h1>\n<p><\/p>\n<p>A calcifica\u00e7\u00e3o \u00e9 um fen\u00f4meno bioqu\u00edmico caracterizado pela deposi\u00e7\u00e3o de sais de c\u00e1lcio em qualquer parte do corpo. A deposi\u00e7\u00e3o normal de c\u00e1lcio ocorre na forma\u00e7\u00e3o de tecidos mineralizados, j\u00e1 as calcifica\u00e7\u00f5es patol\u00f3gicas ocorrem quando h\u00e1 uma deposi\u00e7\u00e3o anormal de sais de c\u00e1lcio em tecidos fisiologicamente n\u00e3o mineralizados. O diagn\u00f3stico das calcifica\u00e7\u00f5es em tecido moles pode ser feito atrav\u00e9s de exames por imagem como radiografias convencionais e tomografia computadorizada, mas outros exames tamb\u00e9m podem ser utilizados.<\/p>\n<p>A localiza\u00e7\u00e3o das calcifica\u00e7\u00f5es em tecidos moles requer amplo conhecimento em anatomia, pois pode afetar diversas \u00e1reas, como os n\u00f3dulos linf\u00e1ticos, ligamento estilohi\u00f3ideo, vasos sangu\u00edneos e ductos das gl\u00e2ndulas salivares.<\/p>\n<p>A import\u00e2ncia do diagn\u00f3stico diferencial entre as calcifica\u00e7\u00f5es em tecido mole est\u00e1 embasada nos distintos progn\u00f3sticos e tratamentos que elas merecem. Assim, a postagem desta semana \u00e9 para apresentar a calcifica\u00e7\u00e3o do tipo idiop\u00e1tica fleb\u00f3lito.<\/p>\n<p>Primeiramente, conceituo calcifica\u00e7\u00e3o idiop\u00e1tica quando n\u00e3o ligada a inj\u00farias nos tecidos nem com dist\u00farbios no metabolismo do c\u00e1lcio. Essas calcifica\u00e7\u00f5es ocorrem em tecidos moles normais na presen\u00e7a de n\u00edveis habituais de c\u00e1lcio sangu\u00edneo.<\/p>\n<p>Enquanto que fleb\u00f3lito, trata-se de calcifica\u00e7\u00f5es em trombos; um trombo \u00e9 uma massa de co\u00e1gulo presente num vaso sangu\u00edneo. Na regi\u00e3o da cabe\u00e7a e do pesco\u00e7o, os fleb\u00f3litos est\u00e3o frequentemente associados a malforma\u00e7\u00f5es vasculares, como o hemangioma (do tipo cavernoso) por exemplo. Alguns autores consideram o hemangioma como um harmatoma , isto \u00e9, uma malforma\u00e7\u00e3o focal neoplasica de tipo benigno, que cresce controladamente na mesma propor\u00e7\u00e3o que as c\u00e9lulas vizinhas, ainda que se desenvolva desorganizadamente: no caso do hemangioma, existem tecidos endoteliais constituindo vasos sangu\u00edneos malformados, que sofrem dilata\u00e7\u00e3o lenta e progressiva ao longo da vida do indIv\u00edduo. Radiograficamente observam-se m\u00faltiplos corpos circulares ou ovais em aspecto de \u201calvo\u201d: s\u00e3o radiopacos na periferia e radiol\u00facidos no centro; essa radioluc\u00eancia central representa a luz remanescente do vaso (imagem 1).<\/p>\n<p><img loading=\"lazy\" class=\" wp-image-1412 aligncenter\" src=\"https:\/\/radiologiajardim.com.br\/wp-content\/uploads\/2021\/06\/01.png\" alt=\"\" width=\"342\" height=\"408\"><\/p>\n<h6>Imagem 1 \u2013 Corte parcial da radiografia panor\u00e2mica que verifica m\u00faltiplos corpos circulares em partes moles do ter\u00e7o m\u00e9dio e inferior da face.<\/h6>\n<p>Ressalto, que este achado deve ser associado com exame cl\u00ednico, hist\u00f3ria pregressa e complementar para concluir o diagn\u00f3stico.<\/p>\n<p><\/p>\n<hr>\n<p>VEJA O POST ANTERIOR: <a title=\"DOSE DE SABEDORIA #45\" href=\"https:\/\/radiologiajardim.com.br\/dose-de-sabedoria-46\/\">\u201cAgenesia Dent\u00e1ria Detectada em Exame de Rotina&#8221;<\/a><\/p>\n<div><b><i>Dose de Sabedoria por: Dra Ana Luiza Riul, Dr. Luis Fernando Jardim e Dra. Patr\u00edcia Jardim<\/i><\/b><\/div>\n<p><b><i>Siga nossas <a href=\"http:\/\/instagram.com\/radiologia.jardim\" target=\"_blank\" rel=\"noopener\">REDES SOCIAIS<\/a><\/i><\/b><\/p>\t\t\t\t\t\t<\/div>\n\t\t\t\t<\/div>\n\t\t\t\t\t<\/div>\n\t\t<\/div>\n\t\t\t\t\t\t\t<\/div>\n\t\t<\/section>\n\t\t\t\t\t\t<\/div>\n\t\t\t\t\t<\/div>\n\t\t","protected":false},"excerpt":{"rendered":"<p>Calcifica\u00e7\u00e3o em Tecido Mole do Complexo Maxilofacial A calcifica\u00e7\u00e3o \u00e9 um fen\u00f4meno bioqu\u00edmico caracterizado pela deposi\u00e7\u00e3o de sais de c\u00e1lcio em qualquer parte do corpo. A deposi\u00e7\u00e3o normal de c\u00e1lcio ocorre na forma\u00e7\u00e3o de tecidos mineralizados, j\u00e1 as calcifica\u00e7\u00f5es patol\u00f3gicas ocorrem quando h\u00e1 uma deposi\u00e7\u00e3o anormal de sais de c\u00e1lcio em tecidos fisiologicamente n\u00e3o mineralizados. &hellip;<\/p>\n<p class=\"read-more\"> <a class=\"\" href=\"http:\/\/blog.radiologiajardim.com.br\/index.php\/2021\/06\/02\/dose-de-sabedoria-47\/\"> <span class=\"screen-reader-text\">DOSE DE SABEDORIA #47<\/span> Read More &raquo;<\/a><\/p>\n","protected":false},"author":1,"featured_media":1420,"comment_status":"open","ping_status":"open","sticky":true,"template":"","format":"standard","meta":{"site-sidebar-layout":"default","site-content-layout":"default","ast-main-header-display":"","ast-hfb-above-header-display":"","ast-hfb-below-header-display":"","ast-hfb-mobile-header-display":"","site-post-title":"","ast-breadcrumbs-content":"","ast-featured-img":"","footer-sml-layout":"","theme-transparent-header-meta":"","adv-header-id-meta":"","stick-header-meta":"","header-above-stick-meta":"","header-main-stick-meta":"","header-below-stick-meta":""},"categories":[2],"tags":[],"_links":{"self":[{"href":"http:\/\/blog.radiologiajardim.com.br\/index.php\/wp-json\/wp\/v2\/posts\/1411"}],"collection":[{"href":"http:\/\/blog.radiologiajardim.com.br\/index.php\/wp-json\/wp\/v2\/posts"}],"about":[{"href":"http:\/\/blog.radiologiajardim.com.br\/index.php\/wp-json\/wp\/v2\/types\/post"}],"author":[{"embeddable":true,"href":"http:\/\/blog.radiologiajardim.com.br\/index.php\/wp-json\/wp\/v2\/users\/1"}],"replies":[{"embeddable":true,"href":"http:\/\/blog.radiologiajardim.com.br\/index.php\/wp-json\/wp\/v2\/comments?post=1411"}],"version-history":[{"count":1,"href":"http:\/\/blog.radiologiajardim.com.br\/index.php\/wp-json\/wp\/v2\/posts\/1411\/revisions"}],"predecessor-version":[{"id":2249,"href":"http:\/\/blog.radiologiajardim.com.br\/index.php\/wp-json\/wp\/v2\/posts\/1411\/revisions\/2249"}],"wp:featuredmedia":[{"embeddable":true,"href":"http:\/\/blog.radiologiajardim.com.br\/index.php\/wp-json\/"}],"wp:attachment":[{"href":"http:\/\/blog.radiologiajardim.com.br\/index.php\/wp-json\/wp\/v2\/media?parent=1411"}],"wp:term":[{"taxonomy":"category","embeddable":true,"href":"http:\/\/blog.radiologiajardim.com.br\/index.php\/wp-json\/wp\/v2\/categories?post=1411"},{"taxonomy":"post_tag","embeddable":true,"href":"http:\/\/blog.radiologiajardim.com.br\/index.php\/wp-json\/wp\/v2\/tags?post=1411"}],"curies":[{"name":"wp","href":"https:\/\/api.w.org\/{rel}","templated":true}]}}