{"id":1405,"date":"2021-05-28T19:29:07","date_gmt":"2021-05-28T19:29:07","guid":{"rendered":"https:\/\/radiologiajardim.com.br\/?p=1405"},"modified":"2021-05-28T19:29:07","modified_gmt":"2021-05-28T19:29:07","slug":"dose-de-sabedoria-46","status":"publish","type":"post","link":"http:\/\/blog.radiologiajardim.com.br\/index.php\/2021\/05\/28\/dose-de-sabedoria-46\/","title":{"rendered":"DOSE DE SABEDORIA #46"},"content":{"rendered":"\t\t<div data-elementor-type=\"wp-post\" data-elementor-id=\"1405\" class=\"elementor elementor-1405\" data-elementor-settings=\"[]\">\n\t\t\t\t\t\t\t<div class=\"elementor-section-wrap\">\n\t\t\t\t\t\t\t<section class=\"elementor-section elementor-top-section elementor-element elementor-element-3ea50d1 elementor-section-boxed elementor-section-height-default elementor-section-height-default\" data-id=\"3ea50d1\" data-element_type=\"section\">\n\t\t\t\t\t\t<div class=\"elementor-container elementor-column-gap-default\">\n\t\t\t\t\t<div class=\"elementor-column elementor-col-100 elementor-top-column elementor-element elementor-element-18f38eb\" data-id=\"18f38eb\" data-element_type=\"column\">\n\t\t\t<div class=\"elementor-widget-wrap elementor-element-populated\">\n\t\t\t\t\t\t\t\t<div class=\"elementor-element elementor-element-4bf6cb5 elementor-widget elementor-widget-text-editor\" data-id=\"4bf6cb5\" data-element_type=\"widget\" data-widget_type=\"text-editor.default\">\n\t\t\t\t<div class=\"elementor-widget-container\">\n\t\t\t<style>\/*! elementor - v3.5.6 - 28-02-2022 *\/\n.elementor-widget-text-editor.elementor-drop-cap-view-stacked .elementor-drop-cap{background-color:#818a91;color:#fff}.elementor-widget-text-editor.elementor-drop-cap-view-framed .elementor-drop-cap{color:#818a91;border:3px solid;background-color:transparent}.elementor-widget-text-editor:not(.elementor-drop-cap-view-default) .elementor-drop-cap{margin-top:8px}.elementor-widget-text-editor:not(.elementor-drop-cap-view-default) .elementor-drop-cap-letter{width:1em;height:1em}.elementor-widget-text-editor .elementor-drop-cap{float:left;text-align:center;line-height:1;font-size:50px}.elementor-widget-text-editor .elementor-drop-cap-letter{display:inline-block}<\/style>\t\t\t\t<h1>Agenesia Dent\u00e1ria Detectada em Exame de Rotina<\/h1><p dir=\"ltr\">Caracterizada por complexos e precisos processos biol\u00f3gicos de substitui\u00e7\u00e3o de dentes dec\u00edduos por dentes permanentes, a dentadura mista representa uma das manifesta\u00e7\u00f5es de perfei\u00e7\u00e3o da natureza. Mas, como todo curso natural, o desenvolvimento da denti\u00e7\u00e3o pode mostrar algumas imperfei\u00e7\u00f5es e, no transcorrer da dentadura mista &#8211; com certa frequ\u00eancia -, o profissional depara-se com irregularidades odontog\u00eanicas: as anomalias dent\u00e1rias. A agenesia dent\u00e1ria constitui a anomalia de desenvolvimento mais comum da denti\u00e7\u00e3o humana, ocorrendo em aproximadamente 25% da popula\u00e7\u00e3o.\u00a0<\/p><p dir=\"ltr\">Excluindo-se os terceiros molares, a preval\u00eancia de agenesia \u00e9 de aproximadamente 4,3 a 7,8%. Os segundos pr\u00e9-molares inferiores representam os dentes mais comumente ausentes, seguidos pelo incisivo lateral superior e pelos segundos pr\u00e9-molares superiores. A grande maioria dos pacientes com agenesia (76 a 83%) exibe a aus\u00eancia de um ou dois dentes permanentes. A ocorr\u00eancia unilateral predomina com exce\u00e7\u00e3o da agenesia dos incisivos laterais superiores, em que a ocorr\u00eancia bilateral supera a unilateral.<\/p><p dir=\"ltr\">Assim, para ilustrar e contrapor a publica\u00e7\u00e3o da semana passada, podemos visualizar no corte da radiografia panor\u00e2mica e periapical a aus\u00eancia dos dentes 35 e perman\u00eancia do dente dec\u00edduo 75 (imagem 1)<\/p><p dir=\"ltr\"><img loading=\"lazy\" class=\"aligncenter\" src=\"https:\/\/lh4.googleusercontent.com\/773Z7CIJxrLlzR8iRt2D7WLG5_p0uJC_zefjVc0zyyohi3rMATcq8WwjQyr3lD2mQLrNTrhkdPnRA2cl8Jj1p44Jjp8_bZff0oM8_82Eq5re88aOGRE9E62dIdgghv3BtrWXgNc\" width=\"283\" height=\"209\" \/> <img loading=\"lazy\" class=\"aligncenter\" src=\"https:\/\/lh5.googleusercontent.com\/hbT0UhbmzxgNPd1hkhO5v1o5qHxBHoO4d_UG-b3SUD8oNC7D5oAvAhnAOEpqyeTVPhOTECmtqdIzpLclC2pla2NlB7rQRKkszDgMNWmyJejCWG4iBTuRfw8Qt5GCveXdutTQD6A\" width=\"155\" height=\"136\" \/><\/p><h6 dir=\"ltr\"><strong>Imagem 1 \u2013 Corte da radiografia panor\u00e2mica e radiografia periapical indicando a agenesia (aus\u00eancia) do dente 35 e presen\u00e7a do dente 75.<\/strong><\/h6><p dir=\"ltr\">A imagem a seguir mostra tamb\u00e9m a agenesia do dente 35 e perman\u00eancia do dente 75, periapical. ( imagem 2). <\/p><p dir=\"ltr\"><img loading=\"lazy\" class=\"aligncenter\" src=\"https:\/\/lh6.googleusercontent.com\/M717RCU42ULURrqdjR2f_xD-dn2ym0IVuEyuqQDP26OmtlPJaiB8AiqSIRlMxPOA2YcqCLogJNn8Kl35hAXZxvSSmuZDOyeAjqc3i3UR77uVqruOD76L6NRqd0-ZV3zqYfliW_E\" width=\"282\" height=\"206\" \/><\/p><h6 dir=\"ltr\">Imagem 2 \u2013 Corte da radiografia panor\u00e2mica que retrata a agenesia do dente 35 e presen\u00e7a do dente 35.<\/h6><p dir=\"ltr\">Uma curiosidade para se atentar ao se deparar com este tipo de altera\u00e7\u00e3o \u00e9 que as agenesias frequentemente associam-se com outros tipos de anomalias dent\u00e1rias, incluindo microdontias, ectopias (erup\u00e7\u00e3o ect\u00f3pica dos caninos superiores para palatino, transposi\u00e7\u00f5es dent\u00e1rias, distoangula\u00e7\u00e3o dos segundos pr\u00e9-molares inferiores e erup\u00e7\u00e3o ect\u00f3pica dos primeiros molares superiores, infraoclus\u00e3o dos molares dec\u00edduos, atrasos no desenvolvimento dent\u00e1rio e hipoplasia generalizada do esmalte. Essas constata\u00e7\u00f5es ressaltam o papel dos genes na etiologia dessas anomalias dent\u00e1rias, assim como embasam o cl\u00ednico para uma maior compreens\u00e3o de seus pacientes. Em termos pr\u00e1ticos, quando se diagnostica uma anomalia dent\u00e1ria, fique atento e procure por outras.<\/p><p dir=\"ltr\">\u00a0<\/p><p dir=\"ltr\">\u00a0<\/p><hr \/><p>VEJA O POST ANTERIOR: <a title=\"DOSE DE SABEDORIA #45\" href=\"https:\/\/radiologiajardim.com.br\/dose-de-sabedoria-45\/\">\u201cAchado radiogr\u00e1fico\u201d: M\u00faltiplos Supranumer\u00e1rios<\/a><\/p><div><b><i>Dose de Sabedoria por: Dra Ana Luiza Riul, Dr. Luis Fernando Jardim e Dra. Patr\u00edcia Jardim<\/i><\/b><\/div><p><b><i>Siga nossas <a href=\"http:\/\/instagram.com\/radiologia.jardim\" target=\"_blank\" rel=\"noopener\">REDES SOCIAIS<\/a><\/i><\/b><\/p>\t\t\t\t\t\t<\/div>\n\t\t\t\t<\/div>\n\t\t\t\t\t<\/div>\n\t\t<\/div>\n\t\t\t\t\t\t\t<\/div>\n\t\t<\/section>\n\t\t\t\t\t\t<\/div>\n\t\t\t\t\t<\/div>\n\t\t","protected":false},"excerpt":{"rendered":"<p>Agenesia Dent\u00e1ria Detectada em Exame de Rotina Caracterizada por complexos e precisos processos biol\u00f3gicos de substitui\u00e7\u00e3o de dentes dec\u00edduos por dentes permanentes, a dentadura mista representa uma das manifesta\u00e7\u00f5es de perfei\u00e7\u00e3o da natureza. Mas, como todo curso natural, o desenvolvimento da denti\u00e7\u00e3o pode mostrar algumas imperfei\u00e7\u00f5es e, no transcorrer da dentadura mista &#8211; com certa &hellip;<\/p>\n<p class=\"read-more\"> <a class=\"\" href=\"http:\/\/blog.radiologiajardim.com.br\/index.php\/2021\/05\/28\/dose-de-sabedoria-46\/\"> <span class=\"screen-reader-text\">DOSE DE SABEDORIA #46<\/span> Read More &raquo;<\/a><\/p>\n","protected":false},"author":1,"featured_media":0,"comment_status":"open","ping_status":"open","sticky":true,"template":"","format":"standard","meta":{"site-sidebar-layout":"default","site-content-layout":"default","ast-main-header-display":"","ast-hfb-above-header-display":"","ast-hfb-below-header-display":"","ast-hfb-mobile-header-display":"","site-post-title":"","ast-breadcrumbs-content":"","ast-featured-img":"","footer-sml-layout":"","theme-transparent-header-meta":"","adv-header-id-meta":"","stick-header-meta":"","header-above-stick-meta":"","header-main-stick-meta":"","header-below-stick-meta":""},"categories":[2],"tags":[],"_links":{"self":[{"href":"http:\/\/blog.radiologiajardim.com.br\/index.php\/wp-json\/wp\/v2\/posts\/1405"}],"collection":[{"href":"http:\/\/blog.radiologiajardim.com.br\/index.php\/wp-json\/wp\/v2\/posts"}],"about":[{"href":"http:\/\/blog.radiologiajardim.com.br\/index.php\/wp-json\/wp\/v2\/types\/post"}],"author":[{"embeddable":true,"href":"http:\/\/blog.radiologiajardim.com.br\/index.php\/wp-json\/wp\/v2\/users\/1"}],"replies":[{"embeddable":true,"href":"http:\/\/blog.radiologiajardim.com.br\/index.php\/wp-json\/wp\/v2\/comments?post=1405"}],"version-history":[{"count":0,"href":"http:\/\/blog.radiologiajardim.com.br\/index.php\/wp-json\/wp\/v2\/posts\/1405\/revisions"}],"wp:attachment":[{"href":"http:\/\/blog.radiologiajardim.com.br\/index.php\/wp-json\/wp\/v2\/media?parent=1405"}],"wp:term":[{"taxonomy":"category","embeddable":true,"href":"http:\/\/blog.radiologiajardim.com.br\/index.php\/wp-json\/wp\/v2\/categories?post=1405"},{"taxonomy":"post_tag","embeddable":true,"href":"http:\/\/blog.radiologiajardim.com.br\/index.php\/wp-json\/wp\/v2\/tags?post=1405"}],"curies":[{"name":"wp","href":"https:\/\/api.w.org\/{rel}","templated":true}]}}