{"id":1328,"date":"2021-04-05T20:29:00","date_gmt":"2021-04-05T20:29:00","guid":{"rendered":"https:\/\/radiologiajardim.com.br\/?p=1328"},"modified":"2021-04-05T20:29:00","modified_gmt":"2021-04-05T20:29:00","slug":"dose-de-sabedoria-41","status":"publish","type":"post","link":"http:\/\/blog.radiologiajardim.com.br\/index.php\/2021\/04\/05\/dose-de-sabedoria-41\/","title":{"rendered":"DOSE DE SABEDORIA #41"},"content":{"rendered":"\t\t<div data-elementor-type=\"wp-post\" data-elementor-id=\"1328\" class=\"elementor elementor-1328\" data-elementor-settings=\"[]\">\n\t\t\t\t\t\t\t<div class=\"elementor-section-wrap\">\n\t\t\t\t\t\t\t<section class=\"elementor-section elementor-top-section elementor-element elementor-element-366080f elementor-section-boxed elementor-section-height-default elementor-section-height-default\" data-id=\"366080f\" data-element_type=\"section\">\n\t\t\t\t\t\t<div class=\"elementor-container elementor-column-gap-default\">\n\t\t\t\t\t<div class=\"elementor-column elementor-col-100 elementor-top-column elementor-element elementor-element-4422cea\" data-id=\"4422cea\" data-element_type=\"column\">\n\t\t\t<div class=\"elementor-widget-wrap elementor-element-populated\">\n\t\t\t\t\t\t\t\t<div class=\"elementor-element elementor-element-8ef45af elementor-widget elementor-widget-text-editor\" data-id=\"8ef45af\" data-element_type=\"widget\" data-widget_type=\"text-editor.default\">\n\t\t\t\t<div class=\"elementor-widget-container\">\n\t\t\t<style>\/*! elementor - v3.5.6 - 28-02-2022 *\/\n.elementor-widget-text-editor.elementor-drop-cap-view-stacked .elementor-drop-cap{background-color:#818a91;color:#fff}.elementor-widget-text-editor.elementor-drop-cap-view-framed .elementor-drop-cap{color:#818a91;border:3px solid;background-color:transparent}.elementor-widget-text-editor:not(.elementor-drop-cap-view-default) .elementor-drop-cap{margin-top:8px}.elementor-widget-text-editor:not(.elementor-drop-cap-view-default) .elementor-drop-cap-letter{width:1em;height:1em}.elementor-widget-text-editor .elementor-drop-cap{float:left;text-align:center;line-height:1;font-size:50px}.elementor-widget-text-editor .elementor-drop-cap-letter{display:inline-block}<\/style>\t\t\t\t<h1 dir=\"ltr\">Consequencias do Estresse para a Sa\u00fade Bucal Durante a Pandemia<\/h1><p dir=\"ltr\">\u00a0\u00a0\u00a0 Medo, inseguran\u00e7a, preocupa\u00e7\u00e3o, ansiedade e estresse s\u00e3o consequ\u00eancias ps\u00edquica devido a realidade que vivemos devido a pandemia. Tais consequ\u00eancias possui extens\u00e3o para o campo f\u00edsico, inclusive para o complexo estomatogn\u00e1tico.\u00a0<\/p><p dir=\"ltr\">Espera-se assim a ocorr\u00eancia de sinais e sintomas p\u00f3s-pand\u00eamicos (e podemos dizer que em face de seu prolongamento, trans-pand\u00eamicos tamb\u00e9m) de dores orofaciais cr\u00f4nicas, incluindo DTM, em padr\u00e3o semelhante ao da s\u00edndrome de estresse p\u00f3s-traum\u00e1tico. Ressalta-se a import\u00e2ncia desses fatores psicol\u00f3gicos, no surgimento, manuten\u00e7\u00e3o ou agravamento das Disfun\u00e7\u00f5es Temporomandibulares (DTM), sobretudo nos pacientes que apresentam DTM muscular que em grande parte apresentam \u201cdor\u201d como queixa principal.<\/p><p dir=\"ltr\">\u00a0\u00a0\u00a0\u00a0 Em um primeiro momento, observa-se um aumento de queixas em rela\u00e7\u00e3o a dor na face, dor de cabe\u00e7as (principalmente nas t\u00eamporas) e pesco\u00e7o ou at\u00e9 mesmo a sensa\u00e7\u00e3o de mand\u00edbula travada. A descri\u00e7\u00e3o anterior refere-se a alguns sintomas caracter\u00edsticos de bruxismo.<\/p><p dir=\"ltr\">\u00a0\u00a0\u00a0 Objetivamente, entendemos como bruxismo uma \u201catividade muscular mastigat\u00f3ria repetitiva\u201d que pode ou n\u00e3o levar a consequ\u00eancias desagrad\u00e1veis. Esse bruxismo pode ser dividido em Bruxismo do Sono (BS) ou Bruxismo em Vig\u00edlia (BV). O BV tamb\u00e9m \u00e9 um fator de risco para in\u00edcio e perpetua\u00e7\u00e3o das DTM, principalmente as musculares.\u00a0<\/p><p dir=\"ltr\">\u00a0\u00a0\u00a0 Enquanto que, disfun\u00e7\u00e3o temporomandibular (DTM) engloba desordens musculares da articula\u00e7\u00e3o temporomandibular e acomete a fun\u00e7\u00e3o mastigat\u00f3ria, gerando dor ou desconforto na regi\u00e3o das t\u00eamporas, pr\u00f3ximas ao ouvido ou na mand\u00edbula. A DTM articular provoca sintomas bem localizados \u00e0 frente da orelha, provocando dor, desconforto, estalidos ou desvios ao exercer a fun\u00e7\u00e3o mandibular (imagem 1)<\/p><p dir=\"ltr\">\u00a0<img loading=\"lazy\" src=\"https:\/\/lh6.googleusercontent.com\/iqIQIfC-s_wVmeEKeo_5iuIvfzmG3lO1zBwfMlMsnxyggB1teu7S-AqeDPp9aR74OnqR0vkDIH2twQ-fw9dfztfv9yDoA2549yzhl34LwVsBuvdYgD0FLkfBBBdZ6rW83Eq3aC0\" alt=\"ATM: disfun\u00e7\u00f5es e dor orofacial | Odontologia para todos\" width=\"567\" height=\"553\" \/><\/p><p>\u00a0<\/p><p dir=\"ltr\">\u00a0\u00a0\u00a0\u00a0 Outro achado cl\u00ednico que verificou aumento foi a frequ\u00eancia de pesquisa trincas\u2215fraturas dent\u00e1rias. Linearmente, dentes rangendo com maior repeti\u00e7\u00e3o e uma mordida travada podem gerar microtrincas que tendem a aumentar com o passar do tempo.\u00a0\u00a0<\/p><p dir=\"ltr\">Dependendo da press\u00e3o que o paciente coloca sob os dentes, mas dentes restaurados, ou com uma restaura\u00e7\u00e3o extensa, tendem a ficar mais fragilizados e sofrer mais essas trincas.\u00a0<\/p><p dir=\"ltr\">Como consequ\u00eancia, as microtrincas e os dentes quebrados podem levar ao surgimento de c\u00e1ries, com o risco de penetra\u00e7\u00e3o de bact\u00e9rias. O n\u00edvel de estresse do paciente pode ocasionar, altera\u00e7\u00f5es periodontais, na gengiva. Se o paciente tiver uma altera\u00e7\u00e3o gengival muito grave, ou se tiver propens\u00e3o a ter problemas de gengiva, pode ter uma coloniza\u00e7\u00e3o bacteriana no local e, se cair na corrente sangu\u00ednea, pode gerar inclusive uma endocardite bacteriana &#8211; infec\u00e7\u00e3o de parte do cora\u00e7\u00e3o.<\/p><p dir=\"ltr\">\u00a0\u00a0\u00a0 Assim, em uma breve avalia\u00e7\u00e3o dos casos solicitados na cl\u00ednica Radiologia Jardim, em um per\u00edodo de 1 semana do m\u00eas de mar\u00e7o de 2021, observamos que houve 16 casos de estudo para endodontia, ou seja, para avaliar poss\u00edvel presen\u00e7a de trincas ou fraturas dent\u00e1rias.\u00a0 Na imagem a seguir, exemplificamos um caso trinca dent\u00e1ria no dente 16 com sintomatologia (Imagem 2)<\/p><p dir=\"ltr\"><img loading=\"lazy\" src=\"https:\/\/lh6.googleusercontent.com\/VM_s6sYr4ocB9dY5X9ZD-n8XvlcLIVrUdcxaRo4xSsAukwJgidHPPq8iRBYket-_wji18RV1qMcyjAFeKCaYK99QqaM0dwPZE8A3U8KUnWRQ4Dc2VM13uY41dCwACePqNDpXFg4\" width=\"562\" height=\"199\" \/><\/p><p dir=\"ltr\">Imagem 2 \u2013 Cortes MPR (axial, coronais e sagitais) das estruturas das ra\u00edzes MV, DV e P do dente 16. A sigla LNTd 16 (seta amarela) indica linha de trinca radicular.<\/p><p dir=\"ltr\">\u00a0<\/p><hr \/><p>VEJA O POST ANTERIOR: <a href=\"https:\/\/radiologiajardim.com.br\/dose-de-sabedoria-39\/\" target=\"_blank\" rel=\"noopener\">TCFC \u2013 Exodontia de Terceiros Molares Inferiores com Proximidade do Canal Mandibular. <\/a><\/p><div style=\"box-sizing: border-box; color: #7a7a7a; font-family: Roboto, sans-serif; font-size: 14px; font-style: normal; font-variant-ligatures: normal; font-variant-caps: normal; font-weight: 400; letter-spacing: normal; orphans: 2; text-align: start; text-indent: 0px; text-transform: none; white-space: normal; widows: 2; word-spacing: 0px; -webkit-text-stroke-width: 0px; background-color: #ffffff; text-decoration-style: initial; text-decoration-color: initial;\"><b style=\"box-sizing: border-box; font-weight: bold;\"><i style=\"box-sizing: border-box;\">Dose de Sabedoria por: Dra Ana Luiza Riul, Dr. Luis Fernando Jardim e Dra. Patr\u00edcia Jardim<\/i><\/b><\/div><p style=\"box-sizing: border-box; margin: 0px 0px 10px; color: #7a7a7a; font-family: Roboto, sans-serif; font-size: 14px; font-style: normal; font-variant-ligatures: normal; font-variant-caps: normal; font-weight: 400; letter-spacing: normal; orphans: 2; text-align: start; text-indent: 0px; text-transform: none; white-space: normal; widows: 2; word-spacing: 0px; -webkit-text-stroke-width: 0px; background-color: #ffffff; text-decoration-style: initial; text-decoration-color: initial;\"><b style=\"box-sizing: border-box; font-weight: bold;\"><i style=\"box-sizing: border-box;\">Siga nossas <a href=\"http:\/\/instagram.com\/radiologia.jardim\" target=\"_blank\" rel=\"noopener\">REDES SOCIAIS<\/a><\/i><\/b><\/p><p dir=\"ltr\">\u00a0<\/p>\t\t\t\t\t\t<\/div>\n\t\t\t\t<\/div>\n\t\t\t\t\t<\/div>\n\t\t<\/div>\n\t\t\t\t\t\t\t<\/div>\n\t\t<\/section>\n\t\t\t\t\t\t<\/div>\n\t\t\t\t\t<\/div>\n\t\t","protected":false},"excerpt":{"rendered":"<p>Consequencias do Estresse para a Sa\u00fade Bucal Durante a Pandemia &nbsp;&nbsp;&nbsp; Medo, inseguran\u00e7a, preocupa\u00e7\u00e3o, ansiedade e estresse s\u00e3o consequ\u00eancias ps\u00edquica devido a realidade que vivemos devido a pandemia. Tais consequ\u00eancias possui extens\u00e3o para o campo f\u00edsico, inclusive para o complexo estomatogn\u00e1tico.&nbsp; Espera-se assim a ocorr\u00eancia de sinais e sintomas p\u00f3s-pand\u00eamicos (e podemos dizer que em &hellip;<\/p>\n<p class=\"read-more\"> <a class=\"\" href=\"http:\/\/blog.radiologiajardim.com.br\/index.php\/2021\/04\/05\/dose-de-sabedoria-41\/\"> <span class=\"screen-reader-text\">DOSE DE SABEDORIA #41<\/span> Read More &raquo;<\/a><\/p>\n","protected":false},"author":1,"featured_media":1334,"comment_status":"open","ping_status":"open","sticky":true,"template":"","format":"standard","meta":{"site-sidebar-layout":"default","site-content-layout":"default","ast-main-header-display":"","ast-hfb-above-header-display":"","ast-hfb-below-header-display":"","ast-hfb-mobile-header-display":"","site-post-title":"","ast-breadcrumbs-content":"","ast-featured-img":"","footer-sml-layout":"","theme-transparent-header-meta":"","adv-header-id-meta":"","stick-header-meta":"","header-above-stick-meta":"","header-main-stick-meta":"","header-below-stick-meta":""},"categories":[2],"tags":[],"_links":{"self":[{"href":"http:\/\/blog.radiologiajardim.com.br\/index.php\/wp-json\/wp\/v2\/posts\/1328"}],"collection":[{"href":"http:\/\/blog.radiologiajardim.com.br\/index.php\/wp-json\/wp\/v2\/posts"}],"about":[{"href":"http:\/\/blog.radiologiajardim.com.br\/index.php\/wp-json\/wp\/v2\/types\/post"}],"author":[{"embeddable":true,"href":"http:\/\/blog.radiologiajardim.com.br\/index.php\/wp-json\/wp\/v2\/users\/1"}],"replies":[{"embeddable":true,"href":"http:\/\/blog.radiologiajardim.com.br\/index.php\/wp-json\/wp\/v2\/comments?post=1328"}],"version-history":[{"count":0,"href":"http:\/\/blog.radiologiajardim.com.br\/index.php\/wp-json\/wp\/v2\/posts\/1328\/revisions"}],"wp:featuredmedia":[{"embeddable":true,"href":"http:\/\/blog.radiologiajardim.com.br\/index.php\/wp-json\/"}],"wp:attachment":[{"href":"http:\/\/blog.radiologiajardim.com.br\/index.php\/wp-json\/wp\/v2\/media?parent=1328"}],"wp:term":[{"taxonomy":"category","embeddable":true,"href":"http:\/\/blog.radiologiajardim.com.br\/index.php\/wp-json\/wp\/v2\/categories?post=1328"},{"taxonomy":"post_tag","embeddable":true,"href":"http:\/\/blog.radiologiajardim.com.br\/index.php\/wp-json\/wp\/v2\/tags?post=1328"}],"curies":[{"name":"wp","href":"https:\/\/api.w.org\/{rel}","templated":true}]}}