{"id":1323,"date":"2021-04-01T20:42:22","date_gmt":"2021-04-01T20:42:22","guid":{"rendered":"https:\/\/radiologiajardim.com.br\/?p=1323"},"modified":"2021-04-01T20:42:22","modified_gmt":"2021-04-01T20:42:22","slug":"dose-de-sabedoria-40","status":"publish","type":"post","link":"http:\/\/blog.radiologiajardim.com.br\/index.php\/2021\/04\/01\/dose-de-sabedoria-40\/","title":{"rendered":"DOSE DE SABEDORIA #40"},"content":{"rendered":"\t\t<div data-elementor-type=\"wp-post\" data-elementor-id=\"1323\" class=\"elementor elementor-1323\" data-elementor-settings=\"[]\">\n\t\t\t\t\t\t\t<div class=\"elementor-section-wrap\">\n\t\t\t\t\t\t\t<section class=\"elementor-section elementor-top-section elementor-element elementor-element-dbe13ed elementor-section-boxed elementor-section-height-default elementor-section-height-default\" data-id=\"dbe13ed\" data-element_type=\"section\">\n\t\t\t\t\t\t<div class=\"elementor-container elementor-column-gap-default\">\n\t\t\t\t\t<div class=\"elementor-column elementor-col-100 elementor-top-column elementor-element elementor-element-3f97596\" data-id=\"3f97596\" data-element_type=\"column\">\n\t\t\t<div class=\"elementor-widget-wrap elementor-element-populated\">\n\t\t\t\t\t\t\t\t<div class=\"elementor-element elementor-element-f5f1e68 elementor-widget elementor-widget-text-editor\" data-id=\"f5f1e68\" data-element_type=\"widget\" data-widget_type=\"text-editor.default\">\n\t\t\t\t<div class=\"elementor-widget-container\">\n\t\t\t<style>\/*! elementor - v3.5.6 - 28-02-2022 *\/\n.elementor-widget-text-editor.elementor-drop-cap-view-stacked .elementor-drop-cap{background-color:#818a91;color:#fff}.elementor-widget-text-editor.elementor-drop-cap-view-framed .elementor-drop-cap{color:#818a91;border:3px solid;background-color:transparent}.elementor-widget-text-editor:not(.elementor-drop-cap-view-default) .elementor-drop-cap{margin-top:8px}.elementor-widget-text-editor:not(.elementor-drop-cap-view-default) .elementor-drop-cap-letter{width:1em;height:1em}.elementor-widget-text-editor .elementor-drop-cap{float:left;text-align:center;line-height:1;font-size:50px}.elementor-widget-text-editor .elementor-drop-cap-letter{display:inline-block}<\/style>\t\t\t\t<h1>EXODONTIA DOS TERCEIROS MOLARES SUPERIORES COM CONTATO COM OS SEIOS MAXILARES<\/h1><p dir=\"ltr\" style=\"line-height: 1.295; text-align: justify; margin-top: 0pt; margin-bottom: 8pt;\"><span style=\"font-size: 11pt; font-family: Calibri,sans-serif; color: #000000; background-color: transparent; font-weight: 400; font-style: normal; font-variant: normal; text-decoration: none; vertical-align: baseline; white-space: pre-wrap;\">\u00a0\u00a0\u00a0 <\/span> O quadro abaixo refer\u00eancia \u00e0s poss\u00edveis posi\u00e7\u00f5es do terceiro molar superior em rela\u00e7\u00e3o ao dente adjacente, no caso o segundo molar, e com o seio maxilar.<\/p><p dir=\"ltr\">\u00a0\u00a0\u00a0\u00a0\u00a0\u00a0\u00a0\u00a0\u00a0\u00a0\u00a0\u00a0\u00a0\u00a0\u00a0\u00a0\u00a0\u00a0\u00a0\u00a0\u00a0\u00a0\u00a0\u00a0<img loading=\"lazy\" src=\"https:\/\/lh4.googleusercontent.com\/c-ds-_xdnV1AoETC5xsScAjmLCsGVu_SDDugbge2h9utELEDsd0i_i7sSwFbd5MpPsQNRoIeLx2AneiqxiAE-RvEFpjr-j1UUKcK5cnQw2egmG46aE3hdRz6GkPWB3gmXcjnD9o\" width=\"516\" height=\"329\" \/><\/p><p dir=\"ltr\">Como apresentado em postagens anteriores, o seio maxilar se situa no corpo do osso maxilar e \u00e9 o maior dos seios paranasais, tendo a forma de uma pir\u00e2mide deitada de lado com base medial, correspondente \u00e0 parede lateral da cavidade nasal; seu teto \u00e9 o assoalho da \u00f3rbita e o seu assoalho \u00e9 o processo alveolar da maxila e o \u00e1pice dessa pir\u00e2mide se prolonga em dire\u00e7\u00e3o ao processo zigom\u00e1tico da maxila. O seio maxilar possui particularidades anat\u00f4micas, sobretudo por sua \u00edntima rela\u00e7\u00e3o com as ra\u00edzes dos pr\u00e9-molares e molares superiores, oferecendo uma s\u00e9rie de problemas cir\u00fargicos, ocasionando inser\u00e7\u00e3o de corpos estranhos no interior da cavidade sinusal no decorrer de acidentes ou mesmo de tratamentos odontol\u00f3gicos.\u00a0<\/p><p dir=\"ltr\">Na imagem 1 visualizamos nos cortes MPR a rela\u00e7\u00e3o do dente 28 em \u00edntimo contato com o assoalho do seio maxilar, considera\u00e7\u00e3o relevante no planejamento das escolhas dos instrumentais e na aplica\u00e7\u00e3o adequada dos movimentos de luxa\u00e7\u00e3o.\u00a0<\/p><p dir=\"ltr\">\u00a0\u00a0\u00a0\u00a0\u00a0\u00a0\u00a0\u00a0\u00a0\u00a0\u00a0\u00a0<img loading=\"lazy\" src=\"https:\/\/lh6.googleusercontent.com\/WkHN-DLAtVT2TsW1MH6tjoPnQZrKvvKrtpghGQed4b79Sk62-3sjhy_DuwgX36Ag-ogUT4f9EVHEuDBFdmjyIejlShDwYdE6lVbCrOFpK5Yml4bd589om6FlYM04btAOfcv1HFo\" width=\"355\" height=\"365\" \/><img loading=\"lazy\" src=\"https:\/\/docs.google.com\/drawings\/u\/1\/d\/sD9h1cjWetNDOtyOJ_GTNmA\/image?w=249&amp;h=148&amp;rev=1&amp;ac=1&amp;parent=1Y0iJTSrnVpsbi-M2FHgZhO_xic4mIr7P\" width=\"249\" height=\"148\" aria-roledescription=\"Desenho\" \/><\/p><p>\u00a0<\/p><p dir=\"ltr\">\u00a0\u00a0\u00a0\u00a0 O principal fator para exodontia dos terceiros molares \u00e9 a presen\u00e7a de les\u00e3o cariosa neste dente e\u2215ou no dente adjacente; pode-se citar tamb\u00e9m os processos de reabsor\u00e7\u00e3o radicular e\u2215ou coron\u00e1ria do dente adjacente. Podemos citar outros fatores, como: apinhamento dent\u00e1rio, altera\u00e7\u00f5es da articula\u00e7\u00e3o temporomandibular (ATM), complica\u00e7\u00f5es infecciosas (como a pericoronarite) e a inclus\u00e3o de terceiros molares inclusos como predisponente para o desenvolvimento de cistos odontog\u00eanico.<\/p><p dir=\"ltr\">\u00a0\u00a0\u00a0 A imagem 3 observa-se nos cortes MPR o dente 18 impactado horizontalmente. H\u00e1 uma imagem hipodensa circundando a por\u00e7\u00e3o coron\u00e1ria, compat\u00edvel com les\u00e3o c\u00edstica. A hip\u00f3tese de diagn\u00f3stico para esta les\u00e3o \u00e9 de cisto dent\u00edgero.\u00a0<\/p><p>\u00a0<\/p><p dir=\"ltr\"><img loading=\"lazy\" src=\"https:\/\/lh4.googleusercontent.com\/SDgLIIVhHJYXKqDxXwj1NcwVhbCjcuTe1gCdXzblHSQ3ArOmP5fzWRJ9t8DsdxEaBvMQqABJy5jyB4e83AOZHN7wu-de6TMg2QwLbwDkhlZuB2aFeCuGzlMR8KLY8l4q_cvH8dg\" width=\"320\" height=\"342\" \/><img loading=\"lazy\" src=\"https:\/\/docs.google.com\/drawings\/u\/1\/d\/sF4gtHmOL5vrYf9yBSc-v-Q\/image?w=249&amp;h=148&amp;rev=1&amp;ac=1&amp;parent=1Y0iJTSrnVpsbi-M2FHgZhO_xic4mIr7P\" width=\"249\" height=\"148\" aria-roledescription=\"Desenho\" \/><\/p><p>\u00a0<\/p><p dir=\"ltr\">\u00a0\u00a0\u00a0 Assim, torna-se prudente a observa\u00e7\u00e3o por parte do cirurgi\u00e3o de estabelecer medidas preventivas que envolvem o conhecimento anat\u00f4mico da regi\u00e3o e seu reconhecimento nos exames complementares de imagem para serem aplicados juntamente com os conhecimentos de t\u00e9cnicas cir\u00fargicas.<\/p><hr \/><p>VEJA O POST ANTERIOR: <a title=\"DOSE DE SABEDORIA #39\" href=\"https:\/\/radiologiajardim.com.br\/dose-de-sabedoria-39\/\">Exodontia de Terceiros Molares Inferiores com Proximidade do Canal Mandibular.<\/a><\/p><div><b><i>Dose de Sabedoria por: Dra Ana Luiza Riul, Dr. Luis Fernando Jardim e Dra. Patr\u00edcia Jardim<\/i><\/b><\/div><p><b><i>Siga nossas <a href=\"http:\/\/instagram.com\/radiologia.jardim\" target=\"_blank\" rel=\"noopener\">REDES SOCIAIS<\/a><\/i><\/b><\/p>\t\t\t\t\t\t<\/div>\n\t\t\t\t<\/div>\n\t\t\t\t\t<\/div>\n\t\t<\/div>\n\t\t\t\t\t\t\t<\/div>\n\t\t<\/section>\n\t\t\t\t\t\t<\/div>\n\t\t\t\t\t<\/div>\n\t\t","protected":false},"excerpt":{"rendered":"<p>EXODONTIA DOS TERCEIROS MOLARES SUPERIORES COM CONTATO COM OS SEIOS MAXILARES \u00a0\u00a0\u00a0 O quadro abaixo refer\u00eancia \u00e0s poss\u00edveis posi\u00e7\u00f5es do terceiro molar superior em rela\u00e7\u00e3o ao dente adjacente, no caso o segundo molar, e com o seio maxilar. \u00a0\u00a0\u00a0\u00a0\u00a0\u00a0\u00a0\u00a0\u00a0\u00a0\u00a0\u00a0\u00a0\u00a0\u00a0\u00a0\u00a0\u00a0\u00a0\u00a0\u00a0\u00a0\u00a0\u00a0 Como apresentado em postagens anteriores, o seio maxilar se situa no corpo do osso maxilar e &hellip;<\/p>\n<p class=\"read-more\"> <a class=\"\" href=\"http:\/\/blog.radiologiajardim.com.br\/index.php\/2021\/04\/01\/dose-de-sabedoria-40\/\"> <span class=\"screen-reader-text\">DOSE DE SABEDORIA #40<\/span> Read More &raquo;<\/a><\/p>\n","protected":false},"author":1,"featured_media":0,"comment_status":"open","ping_status":"open","sticky":false,"template":"","format":"standard","meta":{"site-sidebar-layout":"default","site-content-layout":"default","ast-main-header-display":"","ast-hfb-above-header-display":"","ast-hfb-below-header-display":"","ast-hfb-mobile-header-display":"","site-post-title":"","ast-breadcrumbs-content":"","ast-featured-img":"","footer-sml-layout":"","theme-transparent-header-meta":"","adv-header-id-meta":"","stick-header-meta":"","header-above-stick-meta":"","header-main-stick-meta":"","header-below-stick-meta":""},"categories":[1],"tags":[],"_links":{"self":[{"href":"http:\/\/blog.radiologiajardim.com.br\/index.php\/wp-json\/wp\/v2\/posts\/1323"}],"collection":[{"href":"http:\/\/blog.radiologiajardim.com.br\/index.php\/wp-json\/wp\/v2\/posts"}],"about":[{"href":"http:\/\/blog.radiologiajardim.com.br\/index.php\/wp-json\/wp\/v2\/types\/post"}],"author":[{"embeddable":true,"href":"http:\/\/blog.radiologiajardim.com.br\/index.php\/wp-json\/wp\/v2\/users\/1"}],"replies":[{"embeddable":true,"href":"http:\/\/blog.radiologiajardim.com.br\/index.php\/wp-json\/wp\/v2\/comments?post=1323"}],"version-history":[{"count":0,"href":"http:\/\/blog.radiologiajardim.com.br\/index.php\/wp-json\/wp\/v2\/posts\/1323\/revisions"}],"wp:attachment":[{"href":"http:\/\/blog.radiologiajardim.com.br\/index.php\/wp-json\/wp\/v2\/media?parent=1323"}],"wp:term":[{"taxonomy":"category","embeddable":true,"href":"http:\/\/blog.radiologiajardim.com.br\/index.php\/wp-json\/wp\/v2\/categories?post=1323"},{"taxonomy":"post_tag","embeddable":true,"href":"http:\/\/blog.radiologiajardim.com.br\/index.php\/wp-json\/wp\/v2\/tags?post=1323"}],"curies":[{"name":"wp","href":"https:\/\/api.w.org\/{rel}","templated":true}]}}