{"id":1161,"date":"2021-02-05T18:25:26","date_gmt":"2021-02-05T18:25:26","guid":{"rendered":"https:\/\/radiologiajardim.com.br\/?p=1161"},"modified":"2022-02-21T16:37:20","modified_gmt":"2022-02-21T19:37:20","slug":"dose-de-sabedoria-32","status":"publish","type":"post","link":"http:\/\/blog.radiologiajardim.com.br\/index.php\/2021\/02\/05\/dose-de-sabedoria-32\/","title":{"rendered":"DOSE DE SABEDORIA #32"},"content":{"rendered":"\t\t<div data-elementor-type=\"wp-post\" data-elementor-id=\"1161\" class=\"elementor elementor-1161\" data-elementor-settings=\"[]\">\n\t\t\t\t\t\t\t<div class=\"elementor-section-wrap\">\n\t\t\t\t\t\t\t<section class=\"elementor-section elementor-top-section elementor-element elementor-element-27a0c6c elementor-section-boxed elementor-section-height-default elementor-section-height-default\" data-id=\"27a0c6c\" data-element_type=\"section\">\n\t\t\t\t\t\t<div class=\"elementor-container elementor-column-gap-default\">\n\t\t\t\t\t<div class=\"elementor-column elementor-col-100 elementor-top-column elementor-element elementor-element-b1e6166\" data-id=\"b1e6166\" data-element_type=\"column\">\n\t\t\t<div class=\"elementor-widget-wrap elementor-element-populated\">\n\t\t\t\t\t\t\t\t<div class=\"elementor-element elementor-element-65395e0 elementor-widget elementor-widget-text-editor\" data-id=\"65395e0\" data-element_type=\"widget\" data-widget_type=\"text-editor.default\">\n\t\t\t\t<div class=\"elementor-widget-container\">\n\t\t\t<style>\/*! elementor - v3.5.6 - 28-02-2022 *\/\n.elementor-widget-text-editor.elementor-drop-cap-view-stacked .elementor-drop-cap{background-color:#818a91;color:#fff}.elementor-widget-text-editor.elementor-drop-cap-view-framed .elementor-drop-cap{color:#818a91;border:3px solid;background-color:transparent}.elementor-widget-text-editor:not(.elementor-drop-cap-view-default) .elementor-drop-cap{margin-top:8px}.elementor-widget-text-editor:not(.elementor-drop-cap-view-default) .elementor-drop-cap-letter{width:1em;height:1em}.elementor-widget-text-editor .elementor-drop-cap{float:left;text-align:center;line-height:1;font-size:50px}.elementor-widget-text-editor .elementor-drop-cap-letter{display:inline-block}<\/style>\t\t\t\t<h1 style=\"text-align: center;\"><strong>Prolongamento do Canal Mandibula<\/strong><\/h1><h4 style=\"text-align: center;\"><strong>Anatomia radiogr\u00e1fica do canal mandibular e sua varia\u00e7\u00e3o em radiografias panor\u00e2mica. Prolongamento do Canal mandibular<\/strong><\/h4><p><strong>\u00a0<\/strong><\/p><p>O canal mandibular localiza-se no interior do ramo e corpo da mand\u00edbula, percorrendo um trajeto que tem in\u00edcio no forame mandibular, exteriorizando-se no forame mentual, podendo ou n\u00e3o continuar seu trajeto intra\u00f3sseo em dire\u00e7\u00e3o \u00e0 regi\u00e3o do mento como um canal \u00fanico. Apresentando-se curvo de posterior para anterior, esse canal cruza obliquamente todo o corpo mandibular. Topograficamente, est\u00e1 localizado mais pr\u00f3ximo da l\u00e2mina \u00f3ssea interna at\u00e9 atingir a face mesial do primeiro molar, aproximando-se da l\u00e2mina \u00f3ssea externa at\u00e9 alcan\u00e7ar o forame mentual. Ramifica\u00e7\u00e3o do nervo alveolar inferior \u00e9 respons\u00e1vel por inervar tecidos moles, papila, dentes, periodonto e osso da mand\u00edbula.<\/p><p>O aspecto radiogr\u00e1fico do canal mandibular \u00e9 caracterizado por uma faixa radiol\u00facida, delimitada por duas linhas radiopacas, geralmente como estrutura \u00edmpar, assumindo diferentes posi\u00e7\u00f5es no interior do corpo da mand\u00edbula, tanto no sentido s\u00fapero-inferior como no sentido m\u00e9diolateral, podendo apresentar ainda duplica\u00e7\u00f5es ou bifurca\u00e7\u00f5es em seu trajeto\u00a0e, em alguns casos, trifurca\u00e7\u00f5es.<\/p><p>A correta identifica\u00e7\u00e3o e localiza\u00e7\u00e3o das varia\u00e7\u00f5es anat\u00f4micas do canal mandibular por meio dos exames de imagem (Radiografia Panor\u00e2mica 2D e\/ou Tomografia Cone Beam) em caso de cirurgias envolvendo a regi\u00e3o, previne complica\u00e7\u00f5es trans e p\u00f3s-operat\u00f3rias ainda insucessos na coloca\u00e7\u00e3o de implantes.<\/p><p>O caso a seguir refere-se a uma radiografia panor\u00e2mica para uma an\u00e1lise e visualiza\u00e7\u00e3o geral do complexo maxilo-mandibular para planejamento de reabilita\u00e7\u00e3o. Foi observado que ao trajeto do canal mandibular ultrapassava os limites habituais, assim, indicando uma varia\u00e7\u00e3o da sua anatomia (Imagem 1).<\/p><p><img loading=\"lazy\" class=\"wp-image-1164 aligncenter\" src=\"https:\/\/radiologiajardim.com.br\/wp-content\/uploads\/2021\/02\/IMG1.png\" alt=\"\" width=\"504\" height=\"192\" \/><\/p><p>Na imagem 2, observa-se o trajeto desta estrutura anat\u00f4mica com as marca\u00e7\u00f5es em laranja.<\/p><p><img loading=\"lazy\" class=\"wp-image-1163 aligncenter\" src=\"https:\/\/radiologiajardim.com.br\/wp-content\/uploads\/2021\/02\/02.png\" alt=\"\" width=\"506\" height=\"175\" \/><\/p><p>\u00a0<\/p><p>Assim, a identifica\u00e7\u00e3o dessas estruturas possibilita a preven\u00e7\u00e3o de potenciais acidentes e complica\u00e7\u00f5es. Por causa dessa consider\u00e1vel varia\u00e7\u00e3o em seu curso, \u00e9 dif\u00edcil prever a posi\u00e7\u00e3o exata do nervo alveolar inferior.<br \/><br \/><br \/><\/p><hr \/><div><p><b><i>Dose de Sabedoria por: Dra Ana Luiza Riul, Dr. Luis Fernando Jardim e Dra. Patr\u00edcia Jardim<\/i><\/b><\/p><\/div><p><b><i>Siga nossas redes sociais!<\/i><\/b><\/p><p>\u00a0<\/p>\t\t\t\t\t\t<\/div>\n\t\t\t\t<\/div>\n\t\t\t\t\t<\/div>\n\t\t<\/div>\n\t\t\t\t\t\t\t<\/div>\n\t\t<\/section>\n\t\t\t\t\t\t<\/div>\n\t\t\t\t\t<\/div>\n\t\t","protected":false},"excerpt":{"rendered":"<p>Prolongamento do Canal Mandibula Anatomia radiogr\u00e1fica do canal mandibular e sua varia\u00e7\u00e3o em radiografias panor\u00e2mica. Prolongamento do Canal mandibular \u00a0 O canal mandibular localiza-se no interior do ramo e corpo da mand\u00edbula, percorrendo um trajeto que tem in\u00edcio no forame mandibular, exteriorizando-se no forame mentual, podendo ou n\u00e3o continuar seu trajeto intra\u00f3sseo em dire\u00e7\u00e3o \u00e0 &hellip;<\/p>\n<p class=\"read-more\"> <a class=\"\" href=\"http:\/\/blog.radiologiajardim.com.br\/index.php\/2021\/02\/05\/dose-de-sabedoria-32\/\"> <span class=\"screen-reader-text\">DOSE DE SABEDORIA #32<\/span> Read More &raquo;<\/a><\/p>\n","protected":false},"author":1,"featured_media":1170,"comment_status":"open","ping_status":"open","sticky":true,"template":"","format":"standard","meta":{"site-sidebar-layout":"default","site-content-layout":"default","ast-main-header-display":"","ast-hfb-above-header-display":"","ast-hfb-below-header-display":"","ast-hfb-mobile-header-display":"","site-post-title":"","ast-breadcrumbs-content":"","ast-featured-img":"","footer-sml-layout":"","theme-transparent-header-meta":"","adv-header-id-meta":"","stick-header-meta":"","header-above-stick-meta":"","header-main-stick-meta":"","header-below-stick-meta":""},"categories":[2],"tags":[],"_links":{"self":[{"href":"http:\/\/blog.radiologiajardim.com.br\/index.php\/wp-json\/wp\/v2\/posts\/1161"}],"collection":[{"href":"http:\/\/blog.radiologiajardim.com.br\/index.php\/wp-json\/wp\/v2\/posts"}],"about":[{"href":"http:\/\/blog.radiologiajardim.com.br\/index.php\/wp-json\/wp\/v2\/types\/post"}],"author":[{"embeddable":true,"href":"http:\/\/blog.radiologiajardim.com.br\/index.php\/wp-json\/wp\/v2\/users\/1"}],"replies":[{"embeddable":true,"href":"http:\/\/blog.radiologiajardim.com.br\/index.php\/wp-json\/wp\/v2\/comments?post=1161"}],"version-history":[{"count":1,"href":"http:\/\/blog.radiologiajardim.com.br\/index.php\/wp-json\/wp\/v2\/posts\/1161\/revisions"}],"predecessor-version":[{"id":2331,"href":"http:\/\/blog.radiologiajardim.com.br\/index.php\/wp-json\/wp\/v2\/posts\/1161\/revisions\/2331"}],"wp:featuredmedia":[{"embeddable":true,"href":"http:\/\/blog.radiologiajardim.com.br\/index.php\/wp-json\/"}],"wp:attachment":[{"href":"http:\/\/blog.radiologiajardim.com.br\/index.php\/wp-json\/wp\/v2\/media?parent=1161"}],"wp:term":[{"taxonomy":"category","embeddable":true,"href":"http:\/\/blog.radiologiajardim.com.br\/index.php\/wp-json\/wp\/v2\/categories?post=1161"},{"taxonomy":"post_tag","embeddable":true,"href":"http:\/\/blog.radiologiajardim.com.br\/index.php\/wp-json\/wp\/v2\/tags?post=1161"}],"curies":[{"name":"wp","href":"https:\/\/api.w.org\/{rel}","templated":true}]}}