{"id":1131,"date":"2021-01-28T20:11:05","date_gmt":"2021-01-28T20:11:05","guid":{"rendered":"https:\/\/radiologiajardim.com.br\/?p=1131"},"modified":"2022-02-21T17:10:46","modified_gmt":"2022-02-21T20:10:46","slug":"dose-de-sabedoria-31","status":"publish","type":"post","link":"http:\/\/blog.radiologiajardim.com.br\/index.php\/2021\/01\/28\/dose-de-sabedoria-31\/","title":{"rendered":"DOSE DE SABEDORIA #31"},"content":{"rendered":"\t\t<div data-elementor-type=\"wp-post\" data-elementor-id=\"1131\" class=\"elementor elementor-1131\" data-elementor-settings=\"[]\">\n\t\t\t\t\t\t\t<div class=\"elementor-section-wrap\">\n\t\t\t\t\t\t\t<section class=\"elementor-section elementor-top-section elementor-element elementor-element-5aa97fe elementor-section-boxed elementor-section-height-default elementor-section-height-default\" data-id=\"5aa97fe\" data-element_type=\"section\">\n\t\t\t\t\t\t<div class=\"elementor-container elementor-column-gap-default\">\n\t\t\t\t\t<div class=\"elementor-column elementor-col-100 elementor-top-column elementor-element elementor-element-20aa7fb\" data-id=\"20aa7fb\" data-element_type=\"column\">\n\t\t\t<div class=\"elementor-widget-wrap elementor-element-populated\">\n\t\t\t\t\t\t\t\t<div class=\"elementor-element elementor-element-cf3318c elementor-widget elementor-widget-text-editor\" data-id=\"cf3318c\" data-element_type=\"widget\" data-widget_type=\"text-editor.default\">\n\t\t\t\t<div class=\"elementor-widget-container\">\n\t\t\t<style>\/*! elementor - v3.5.6 - 28-02-2022 *\/\n.elementor-widget-text-editor.elementor-drop-cap-view-stacked .elementor-drop-cap{background-color:#818a91;color:#fff}.elementor-widget-text-editor.elementor-drop-cap-view-framed .elementor-drop-cap{color:#818a91;border:3px solid;background-color:transparent}.elementor-widget-text-editor:not(.elementor-drop-cap-view-default) .elementor-drop-cap{margin-top:8px}.elementor-widget-text-editor:not(.elementor-drop-cap-view-default) .elementor-drop-cap-letter{width:1em;height:1em}.elementor-widget-text-editor .elementor-drop-cap{float:left;text-align:center;line-height:1;font-size:50px}.elementor-widget-text-editor .elementor-drop-cap-letter{display:inline-block}<\/style>\t\t\t\t<h1 style=\"text-align: center;\">Extens\u00e3o alveolar dos Seios Maxilares<\/h1><p>\u00a0\u00a0\u00a0\u00a0\u00a0\u00a0\u00a0\u00a0\u00a0\u00a0\u00a0 Nas \u00faltimas postagens temos apresentados casos que retrata as poss\u00edveis altera\u00e7\u00f5es dos seios maxilares e sua relev\u00e2ncia para o cirurgi\u00e3o dentista. No post de hoje vamos descrever sobre a extens\u00e3o alveolar, que se refere a expans\u00e3o do seio maxilar em dire\u00e7\u00e3o ao rebordo alveolar.<\/p><p>\u00a0\u00a0\u00a0\u00a0\u00a0\u00a0\u00a0\u00a0\u00a0\u00a0\u00a0 Os casos mais frequentes s\u00e3o aqueles em que o primeiro molar \u00e9 extra\u00eddo e essa \u00e1rea passar\u00e1 a ser ocupada pelo seio maxilar. Em pacientes desdentados a extens\u00e3o pode ser tal que o assoalho do mesmo constitui o pr\u00f3prio limite do rebordo alveolar. Quando o primeiro molar est\u00e1 presente \u00e9 poss\u00edvel haver extens\u00f5es entre a trifurca\u00e7\u00e3o das ra\u00edzes.<\/p><p>\u00a0\u00a0\u00a0\u00a0\u00a0\u00a0\u00a0\u00a0\u00a0\u00a0\u00a0 A imagem (1) que visualizamos parcial de uma radiografia panor\u00e2mica e que se observa a extens\u00e3o alveolar entre os dentes 25 e 27, com inclina\u00e7\u00e3o do dente 27 em dire\u00e7\u00e3o a regi\u00e3o do dente 26. H\u00e1 um espessamento mucoso no assoalho do seio maxilar esquerdo.<\/p><p>\u00a0<\/p><p>\u00a0\u00a0\u00a0\u00a0\u00a0\u00a0\u00a0\u00a0\u00a0\u00a0\u00a0\u00a0\u00a0\u00a0\u00a0\u00a0\u00a0\u00a0\u00a0\u00a0\u00a0\u00a0\u00a0\u00a0\u00a0<\/p><p><img loading=\"lazy\" class=\"size-full wp-image-1134 aligncenter\" src=\"https:\/\/radiologiajardim.com.br\/wp-content\/uploads\/2021\/01\/01-2.png\" alt=\"\" width=\"301\" height=\"224\" \/><\/p><h6>Imagem 1 \u2013 Corte coronal panor\u00e2mico, lado esquerdo, com visualiza\u00e7\u00e3o da expans\u00e3o alveolar seio maxilar esquerdo (seta azul).<\/h6><p>\u00a0<\/p><p>\u00a0\u00a0\u00a0\u00a0\u00a0\u00a0\u00a0\u00a0\u00a0\u00a0\u00a0 \u00a0Na imagem (2) verificamos a extens\u00e3o alveolar na regi\u00e3o posterior esquerda da maxila, pois, \u00e9 uma regi\u00e3o desdentada, reabsor\u00e7\u00e3o do rebordo alveolar e hiperpneumatiza\u00e7\u00e3o do seio maxilar em dire\u00e7\u00e3o para o remanescente do rebordo alveolar.<\/p><p>\u00a0\u00a0\u00a0\u00a0\u00a0\u00a0\u00a0\u00a0\u00a0\u00a0\u00a0<\/p><p><img loading=\"lazy\" class=\"size-full wp-image-1135 aligncenter\" src=\"https:\/\/radiologiajardim.com.br\/wp-content\/uploads\/2021\/01\/02-2.png\" alt=\"\" width=\"223\" height=\"181\" \/><\/p><h6>Imagem 2 \u2013 Radiografia panor\u00e2mica (lado esquerdo).<\/h6><p>\u00a0<\/p><p>\u00a0\u00a0\u00a0\u00a0\u00a0\u00a0\u00a0\u00a0\u00a0\u00a0\u00a0 Utilizo as imagens 2 e 3 \u00a0para realizar uma ressalva, que para avalia\u00e7\u00e3o e mensura\u00e7\u00e3o de maior precis\u00e3o para um planejamento de levantamento de seio e de instala\u00e7\u00e3o de implantes met\u00e1licos a indica\u00e7\u00e3o \u00e9 a solicita\u00e7\u00e3o do exame Tomografia cone beam (imagens 4 e 5).<\/p><p><img loading=\"lazy\" class=\"size-full wp-image-1136 aligncenter\" src=\"https:\/\/radiologiajardim.com.br\/wp-content\/uploads\/2021\/01\/03-2.png\" alt=\"\" width=\"452\" height=\"149\" \/><\/p><h6>\u00a0Imagem 3 \u2013 Parcial radiografia panor\u00e2mica (regi\u00e3o de maxila) observa-se ed\u00eantulo total e com expans\u00e3o alveolar do seio maxilar direito.<\/h6><p><img loading=\"lazy\" class=\"size-full wp-image-1137 aligncenter\" src=\"https:\/\/radiologiajardim.com.br\/wp-content\/uploads\/2021\/01\/04-1.png\" alt=\"\" width=\"260\" height=\"170\" \/><\/p><h6>Imagem 4 \u2013 Corte coronal panor\u00e2mico do lado esquerdo da maxila.<\/h6><p><img loading=\"lazy\" class=\"size-full wp-image-1138 aligncenter\" src=\"https:\/\/radiologiajardim.com.br\/wp-content\/uploads\/2021\/01\/05.png\" alt=\"\" width=\"723\" height=\"414\" \/><\/p><h6>Imagem 5 \u2013 Cortes obl\u00edquos para avalia\u00e7\u00e3o do enxerto \u00f3sseo na regi\u00e3o de seio maxilar esquerdo.<\/h6><p>\u00a0<\/p><p>\u00a0\u00a0\u00a0\u00a0 \u00a0\u00a0\u00a0\u00a0\u00a0\u00a0\u00a0\u00a0\u00a0\u00a0\u00a0 Nas imagens 6 e 7, realizo uma segunda ressalva em rela\u00e7\u00e3o a proximidade do assoalho do seio maxilar direito com a regi\u00e3o do ter\u00e7o apical do dente 16. Em uma hip\u00f3tese de exodontia do dente 16 \u00e9 indicado cautela durante o procedimento para evitar comunica\u00e7\u00e3o buco-sinusal.<\/p><p>\u00a0<\/p><p><img loading=\"lazy\" class=\"size-full wp-image-1139 aligncenter\" src=\"https:\/\/radiologiajardim.com.br\/wp-content\/uploads\/2021\/01\/06.png\" alt=\"\" width=\"213\" height=\"158\" \/><\/p><p>\u00a0<\/p><p>Imagem 6- Corte parcial coronal panor\u00e2mico da regi\u00e3o posterior direita da maxila\u00a0\u00a0\u00a0\u00a0\u00a0\u00a0\u00a0\u00a0\u00a0\u00a0\u00a0<\/p><p><img loading=\"lazy\" class=\"alignnone size-full wp-image-1140\" src=\"https:\/\/radiologiajardim.com.br\/wp-content\/uploads\/2021\/01\/07.png\" alt=\"\" width=\"637\" height=\"257\" \/><\/p><p>\u00a0<\/p><h6>Imagem 7 \u2013 Cortes obl\u00edquos da regi\u00e3o posterior direita da maxila. A seta verde e a sigla EXTS indicam extens\u00e3o alveolar do seio maxilar direito que constitui o pr\u00f3prio limite do rebordo alveolar da \u00e1rea.<\/h6><p>\u00a0<\/p><p>\u00a0\u00a0\u00a0\u00a0\u00a0\u00a0\u00a0\u00a0\u00a0\u00a0\u00a0 Assim, \u00e9 imprescind\u00edvel uma avalia\u00e7\u00e3o Imaginol\u00f3gica dos seios maxilares por parte das diferentes especialidades Odontol\u00f3gicas, de modo a assegurar as atua\u00e7\u00f5es do Cirurgi\u00e3o Dentista dentro do Sistema Estomatogn\u00e1tico.<br \/><br \/><br \/><\/p><hr \/><div><p><b><i>Dose de Sabedoria por: Dra Ana Luiza Riul, Dr. Luis Fernando Jardim e Dra. Patr\u00edcia Jardim<\/i><\/b><\/p><\/div><p><b><i>Siga nossas redes sociais!<\/i><\/b><\/p><p><br \/><br \/><\/p>\t\t\t\t\t\t<\/div>\n\t\t\t\t<\/div>\n\t\t\t\t\t<\/div>\n\t\t<\/div>\n\t\t\t\t\t\t\t<\/div>\n\t\t<\/section>\n\t\t\t\t\t\t<\/div>\n\t\t\t\t\t<\/div>\n\t\t","protected":false},"excerpt":{"rendered":"<p>Extens\u00e3o alveolar dos Seios Maxilares Nas \u00faltimas postagens temos apresentados casos que retrata as poss\u00edveis altera\u00e7\u00f5es dos seios maxilares e sua relev\u00e2ncia para o cirurgi\u00e3o dentista. No post de hoje vamos descrever sobre a extens\u00e3o alveolar, que se refere a expans\u00e3o do seio maxilar em dire\u00e7\u00e3o ao rebordo alveolar. Os casos mais frequentes s\u00e3o aqueles &hellip;<\/p>\n<p class=\"read-more\"> <a class=\"\" href=\"http:\/\/blog.radiologiajardim.com.br\/index.php\/2021\/01\/28\/dose-de-sabedoria-31\/\"> <span class=\"screen-reader-text\">DOSE DE SABEDORIA #31<\/span> Read More &raquo;<\/a><\/p>\n","protected":false},"author":1,"featured_media":1144,"comment_status":"open","ping_status":"open","sticky":true,"template":"","format":"standard","meta":{"site-sidebar-layout":"default","site-content-layout":"default","ast-main-header-display":"","ast-hfb-above-header-display":"","ast-hfb-below-header-display":"","ast-hfb-mobile-header-display":"","site-post-title":"","ast-breadcrumbs-content":"","ast-featured-img":"","footer-sml-layout":"","theme-transparent-header-meta":"","adv-header-id-meta":"","stick-header-meta":"","header-above-stick-meta":"","header-main-stick-meta":"","header-below-stick-meta":""},"categories":[2],"tags":[],"_links":{"self":[{"href":"http:\/\/blog.radiologiajardim.com.br\/index.php\/wp-json\/wp\/v2\/posts\/1131"}],"collection":[{"href":"http:\/\/blog.radiologiajardim.com.br\/index.php\/wp-json\/wp\/v2\/posts"}],"about":[{"href":"http:\/\/blog.radiologiajardim.com.br\/index.php\/wp-json\/wp\/v2\/types\/post"}],"author":[{"embeddable":true,"href":"http:\/\/blog.radiologiajardim.com.br\/index.php\/wp-json\/wp\/v2\/users\/1"}],"replies":[{"embeddable":true,"href":"http:\/\/blog.radiologiajardim.com.br\/index.php\/wp-json\/wp\/v2\/comments?post=1131"}],"version-history":[{"count":2,"href":"http:\/\/blog.radiologiajardim.com.br\/index.php\/wp-json\/wp\/v2\/posts\/1131\/revisions"}],"predecessor-version":[{"id":2342,"href":"http:\/\/blog.radiologiajardim.com.br\/index.php\/wp-json\/wp\/v2\/posts\/1131\/revisions\/2342"}],"wp:featuredmedia":[{"embeddable":true,"href":"http:\/\/blog.radiologiajardim.com.br\/index.php\/wp-json\/"}],"wp:attachment":[{"href":"http:\/\/blog.radiologiajardim.com.br\/index.php\/wp-json\/wp\/v2\/media?parent=1131"}],"wp:term":[{"taxonomy":"category","embeddable":true,"href":"http:\/\/blog.radiologiajardim.com.br\/index.php\/wp-json\/wp\/v2\/categories?post=1131"},{"taxonomy":"post_tag","embeddable":true,"href":"http:\/\/blog.radiologiajardim.com.br\/index.php\/wp-json\/wp\/v2\/tags?post=1131"}],"curies":[{"name":"wp","href":"https:\/\/api.w.org\/{rel}","templated":true}]}}