{"id":1093,"date":"2021-01-21T20:35:57","date_gmt":"2021-01-21T20:35:57","guid":{"rendered":"https:\/\/radiologiajardim.com.br\/?p=1093"},"modified":"2022-02-21T17:21:38","modified_gmt":"2022-02-21T20:21:38","slug":"dose-de-sabedoria-30","status":"publish","type":"post","link":"http:\/\/blog.radiologiajardim.com.br\/index.php\/2021\/01\/21\/dose-de-sabedoria-30\/","title":{"rendered":"DOSE DE SABEDORIA #30"},"content":{"rendered":"\t\t<div data-elementor-type=\"wp-post\" data-elementor-id=\"1093\" class=\"elementor elementor-1093\" data-elementor-settings=\"[]\">\n\t\t\t\t\t\t\t<div class=\"elementor-section-wrap\">\n\t\t\t\t\t\t\t<section class=\"elementor-section elementor-top-section elementor-element elementor-element-bbf23bf elementor-section-boxed elementor-section-height-default elementor-section-height-default\" data-id=\"bbf23bf\" data-element_type=\"section\">\n\t\t\t\t\t\t<div class=\"elementor-container elementor-column-gap-default\">\n\t\t\t\t\t<div class=\"elementor-column elementor-col-100 elementor-top-column elementor-element elementor-element-e23342e\" data-id=\"e23342e\" data-element_type=\"column\">\n\t\t\t<div class=\"elementor-widget-wrap elementor-element-populated\">\n\t\t\t\t\t\t\t\t<div class=\"elementor-element elementor-element-2b927df elementor-widget elementor-widget-text-editor\" data-id=\"2b927df\" data-element_type=\"widget\" data-widget_type=\"text-editor.default\">\n\t\t\t\t<div class=\"elementor-widget-container\">\n\t\t\t<style>\/*! elementor - v3.5.6 - 28-02-2022 *\/\n.elementor-widget-text-editor.elementor-drop-cap-view-stacked .elementor-drop-cap{background-color:#818a91;color:#fff}.elementor-widget-text-editor.elementor-drop-cap-view-framed .elementor-drop-cap{color:#818a91;border:3px solid;background-color:transparent}.elementor-widget-text-editor:not(.elementor-drop-cap-view-default) .elementor-drop-cap{margin-top:8px}.elementor-widget-text-editor:not(.elementor-drop-cap-view-default) .elementor-drop-cap-letter{width:1em;height:1em}.elementor-widget-text-editor .elementor-drop-cap{float:left;text-align:center;line-height:1;font-size:50px}.elementor-widget-text-editor .elementor-drop-cap-letter{display:inline-block}<\/style>\t\t\t\t<h2 style=\"text-align: center;\">Altera\u00e7\u00e3o no seio maxilar: Fen\u00f4meno de reten\u00e7\u00e3o de muco e espessamento mucoso<\/h2><p>\u00a0\u00a0\u00a0\u00a0\u00a0\u00a0\u00a0\u00a0\u00a0\u00a0\u00a0 O fen\u00f4meno de reten\u00e7\u00e3o de muco ou cisto de reten\u00e7\u00e3o mucoso tem etiologia provavelmente relacionada \u00e0 obstru\u00e7\u00e3o dos ductos secretores das c\u00e9lulas caliciformes (c\u00e9lulas produtoras de muco) presentes nas paredes dos seios paranasais. Trata-se de um achado radiogr\u00e1fico: a grande maioria destes casos \u00e9 assintom\u00e1tica; seu aspecto radiogr\u00e1fico \u00e9 de imagem arredondada\/ovalada e n\u00e3o corticalizada. Quando h\u00e1 dor, os sinais cl\u00ednicos s\u00e3o semelhantes \u00e0 de sinusite. Alguns autores relatam que o fen\u00f4meno de reten\u00e7\u00e3o de muco pode permanecer estacion\u00e1rio no seu tamanho; sua regress\u00e3o geralmente \u00e9 de forma espont\u00e2nea.<\/p><p>\u00a0\u00a0\u00a0\u00a0\u00a0\u00a0\u00a0\u00a0 Nas imagens a seguir s\u00e3o referentes a uma radiografia panor\u00e2mica, solicitada para avalia\u00e7\u00e3o inicial para tratamento odontol\u00f3gico. Foi verificada presen\u00e7a de uma imagem radiopaca, ovalada, n\u00e3o circunscrita e n\u00e3o corticalizada nos seios maxilares (Imagens 1 e 2).<\/p><p>\u00a0<\/p><p>\u00a0<\/p><p><img loading=\"lazy\" class=\"wp-image-1097 aligncenter\" src=\"https:\/\/radiologiajardim.com.br\/wp-content\/uploads\/2021\/01\/01-1.png\" alt=\"\" width=\"269\" height=\"237\" \/><\/p><h5 style=\"text-align: center;\">Imagem 1 \u2013 Regi\u00e3o do seio maxila direito<\/h5><p><img loading=\"lazy\" class=\"wp-image-1098 aligncenter\" src=\"https:\/\/radiologiajardim.com.br\/wp-content\/uploads\/2021\/01\/02-1.png\" alt=\"\" width=\"263\" height=\"238\" \/><\/p><h5 style=\"text-align: center;\">Imagem 2 \u2013 Regi\u00e3o do seio maxilar esquerdo<\/h5><p><img loading=\"lazy\" class=\"size-full wp-image-1096 aligncenter\" src=\"https:\/\/radiologiajardim.com.br\/wp-content\/uploads\/2021\/01\/03-1.png\" alt=\"\" width=\"238\" height=\"216\" \/><\/p><h5 style=\"text-align: center;\">\u00a0Imagem 3 \u2013 seio maxilar direito<\/h5><p><img loading=\"lazy\" class=\"size-full wp-image-1095 aligncenter\" src=\"https:\/\/radiologiajardim.com.br\/wp-content\/uploads\/2021\/01\/04.png\" alt=\"\" width=\"176\" height=\"221\" \/><\/p><h5 style=\"text-align: center;\">\u00a0Imagem 4 \u2013 seio maxilar esquerdo<\/h5><p>\u00a0<\/p><p>\u00a0\u00a0\u00a0\u00a0\u00a0\u00a0\u00a0\u00a0\u00a0\u00a0\u00a0 Nas imagens 3 e 4 observa-se espessamento mucoso. H\u00e1 espessamento da mucosa sinusal quando a membrana apresenta de 2 a 6 mm de espessura. Os fatores etiol\u00f3gicos est\u00e3o relacionados com algum tipo de irrita\u00e7\u00e3o, tal como alergia. \u00a0O espessamento mucoso leve do seio maxilar \u00e9 um achado normal em pacientes assintom\u00e1ticos,\u00a0mas, o espessamento mucoso sinusal maior do que 2 mm pode estar relacionado com sinusite do seio maxilar.\u00a0<\/p><p>\u00a0\u00a0\u00a0\u00a0\u00a0\u00a0\u00a0\u00a0\u00a0\u00a0\u00a0 Ambas as reten\u00e7\u00f5es s\u00e3o desordens que podem ocorrer nos seios maxilares podem ser classificadas de acordo com sua natureza inflamat\u00f3ria. Embora geralmente estejam presentes em pacientes assintom\u00e1ticos, \u00e9 importante report\u00e1-los em laudos de imagens.<\/p><p>\u00a0\u00a0\u00a0\u00a0\u00a0\u00a0\u00a0\u00a0\u00a0\u00a0\u00a0 Realizo uma ressalva para desenvolver a hip\u00f3tese de diagn\u00f3stico de sinusite aguda \u00e9 que esta apresenta um espessamento mucoso com presen\u00e7a de bolhas no permeio deste espessamento.<br \/><br \/><\/p><hr \/><div><p><b><i>Dose de Sabedoria por: Dra Ana Luiza Riul, Dr. Luis Fernando Jardim e Dra. Patr\u00edcia Jardim<\/i><\/b><\/p><\/div><p><b><i>Siga nossas redes sociais!<\/i><\/b><\/p><p><br \/><br \/><\/p>\t\t\t\t\t\t<\/div>\n\t\t\t\t<\/div>\n\t\t\t\t\t<\/div>\n\t\t<\/div>\n\t\t\t\t\t\t\t<\/div>\n\t\t<\/section>\n\t\t\t\t\t\t<\/div>\n\t\t\t\t\t<\/div>\n\t\t","protected":false},"excerpt":{"rendered":"<p>Altera\u00e7\u00e3o no seio maxilar: Fen\u00f4meno de reten\u00e7\u00e3o de muco e espessamento mucoso O fen\u00f4meno de reten\u00e7\u00e3o de muco ou cisto de reten\u00e7\u00e3o mucoso tem etiologia provavelmente relacionada \u00e0 obstru\u00e7\u00e3o dos ductos secretores das c\u00e9lulas caliciformes (c\u00e9lulas produtoras de muco) presentes nas paredes dos seios paranasais. Trata-se de um achado radiogr\u00e1fico: a grande maioria destes casos &hellip;<\/p>\n<p class=\"read-more\"> <a class=\"\" href=\"http:\/\/blog.radiologiajardim.com.br\/index.php\/2021\/01\/21\/dose-de-sabedoria-30\/\"> <span class=\"screen-reader-text\">DOSE DE SABEDORIA #30<\/span> Read More &raquo;<\/a><\/p>\n","protected":false},"author":1,"featured_media":1102,"comment_status":"open","ping_status":"open","sticky":true,"template":"","format":"standard","meta":{"site-sidebar-layout":"default","site-content-layout":"default","ast-main-header-display":"","ast-hfb-above-header-display":"","ast-hfb-below-header-display":"","ast-hfb-mobile-header-display":"","site-post-title":"","ast-breadcrumbs-content":"","ast-featured-img":"","footer-sml-layout":"","theme-transparent-header-meta":"","adv-header-id-meta":"","stick-header-meta":"","header-above-stick-meta":"","header-main-stick-meta":"","header-below-stick-meta":""},"categories":[2],"tags":[],"_links":{"self":[{"href":"http:\/\/blog.radiologiajardim.com.br\/index.php\/wp-json\/wp\/v2\/posts\/1093"}],"collection":[{"href":"http:\/\/blog.radiologiajardim.com.br\/index.php\/wp-json\/wp\/v2\/posts"}],"about":[{"href":"http:\/\/blog.radiologiajardim.com.br\/index.php\/wp-json\/wp\/v2\/types\/post"}],"author":[{"embeddable":true,"href":"http:\/\/blog.radiologiajardim.com.br\/index.php\/wp-json\/wp\/v2\/users\/1"}],"replies":[{"embeddable":true,"href":"http:\/\/blog.radiologiajardim.com.br\/index.php\/wp-json\/wp\/v2\/comments?post=1093"}],"version-history":[{"count":2,"href":"http:\/\/blog.radiologiajardim.com.br\/index.php\/wp-json\/wp\/v2\/posts\/1093\/revisions"}],"predecessor-version":[{"id":2348,"href":"http:\/\/blog.radiologiajardim.com.br\/index.php\/wp-json\/wp\/v2\/posts\/1093\/revisions\/2348"}],"wp:featuredmedia":[{"embeddable":true,"href":"http:\/\/blog.radiologiajardim.com.br\/index.php\/wp-json\/"}],"wp:attachment":[{"href":"http:\/\/blog.radiologiajardim.com.br\/index.php\/wp-json\/wp\/v2\/media?parent=1093"}],"wp:term":[{"taxonomy":"category","embeddable":true,"href":"http:\/\/blog.radiologiajardim.com.br\/index.php\/wp-json\/wp\/v2\/categories?post=1093"},{"taxonomy":"post_tag","embeddable":true,"href":"http:\/\/blog.radiologiajardim.com.br\/index.php\/wp-json\/wp\/v2\/tags?post=1093"}],"curies":[{"name":"wp","href":"https:\/\/api.w.org\/{rel}","templated":true}]}}