{"id":1085,"date":"2021-01-14T21:11:27","date_gmt":"2021-01-14T21:11:27","guid":{"rendered":"https:\/\/radiologiajardim.com.br\/?p=1085"},"modified":"2022-02-21T17:34:10","modified_gmt":"2022-02-21T20:34:10","slug":"dose-de-sabedoria-29","status":"publish","type":"post","link":"http:\/\/blog.radiologiajardim.com.br\/index.php\/2021\/01\/14\/dose-de-sabedoria-29\/","title":{"rendered":"DOSE DE SABEDORIA #29"},"content":{"rendered":"\t\t<div data-elementor-type=\"wp-post\" data-elementor-id=\"1085\" class=\"elementor elementor-1085\" data-elementor-settings=\"[]\">\n\t\t\t\t\t\t\t<div class=\"elementor-section-wrap\">\n\t\t\t\t\t\t\t<section class=\"elementor-section elementor-top-section elementor-element elementor-element-3366d9d elementor-section-boxed elementor-section-height-default elementor-section-height-default\" data-id=\"3366d9d\" data-element_type=\"section\">\n\t\t\t\t\t\t<div class=\"elementor-container elementor-column-gap-default\">\n\t\t\t\t\t<div class=\"elementor-column elementor-col-100 elementor-top-column elementor-element elementor-element-dc0a818\" data-id=\"dc0a818\" data-element_type=\"column\">\n\t\t\t<div class=\"elementor-widget-wrap elementor-element-populated\">\n\t\t\t\t\t\t\t\t<div class=\"elementor-element elementor-element-fd812d5 elementor-widget elementor-widget-text-editor\" data-id=\"fd812d5\" data-element_type=\"widget\" data-widget_type=\"text-editor.default\">\n\t\t\t\t<div class=\"elementor-widget-container\">\n\t\t\t<style>\/*! elementor - v3.5.6 - 28-02-2022 *\/\n.elementor-widget-text-editor.elementor-drop-cap-view-stacked .elementor-drop-cap{background-color:#818a91;color:#fff}.elementor-widget-text-editor.elementor-drop-cap-view-framed .elementor-drop-cap{color:#818a91;border:3px solid;background-color:transparent}.elementor-widget-text-editor:not(.elementor-drop-cap-view-default) .elementor-drop-cap{margin-top:8px}.elementor-widget-text-editor:not(.elementor-drop-cap-view-default) .elementor-drop-cap-letter{width:1em;height:1em}.elementor-widget-text-editor .elementor-drop-cap{float:left;text-align:center;line-height:1;font-size:50px}.elementor-widget-text-editor .elementor-drop-cap-letter{display:inline-block}<\/style>\t\t\t\t<p>Rinossinusite Cr\u00f4nica<\/p><p>\u00a0<\/p><p>\u00a0\u00a0\u00a0\u00a0\u00a0\u00a0\u00a0\u00a0\u00a0\u00a0\u00a0 Rinossinusite cr\u00f4nica <i><b>(RSC) <\/b><\/i>\u00e9 caracterizada por inflama\u00e7\u00e3o da cavidade nasal e seios paranasais por um tempo maior e igual h\u00e1 12 semanas consecutivas.<\/p><p>Suas principais caracter\u00edsticas s\u00e3o:<\/p><ul><li>Espessamento mucoso ou opacifica\u00e7\u00e3o de tecido mole com espessamento e esclerose de paredes \u00f3sseas;<\/li><li>Localiza\u00e7\u00e3o em ordem de maior incid\u00eancia: seio etmoidal &gt; seio maxilar &gt; seio frontal e esfenoidal<\/li><li>N\u00e3o se observa expans\u00e3o das paredes do seio. H\u00e1 uma manuten\u00e7\u00e3o do volume ou com diminui\u00e7\u00e3o do volume devido o espessamento mucoso.<\/li><\/ul><p>\u00a0\u00a0\u00a0\u00a0\u00a0\u00a0\u00a0\u00a0\u00a0\u00a0\u00a0 Para melhor avalia\u00e7\u00e3o imaginol\u00f3gica a tomografia cone beam \u00e9 a modalidade de escolha, no qual se pode visualizar o espessamento mucoso ou opacifica\u00e7\u00e3o de seio sem expans\u00e3o sem sobreposi\u00e7\u00e3o, Outros achados tomogr\u00e1ficos ser\u00e3o: densidade vari\u00e1vel de secre\u00e7\u00e3o (depende do conte\u00fado prot\u00e9ico, aquoso e f\u00fangico) e, ocasionalmente, ocorr\u00eancia de calcifica\u00e7\u00f5es.<\/p><p>\u00a0\u00a0\u00a0\u00a0\u00a0\u00a0\u00a0\u00a0\u00a0\u00a0\u00a0 Um dos diagn\u00f3sticos diferencial para realizar por exame cl\u00ednico, hist\u00f3ria pregressa e, se necess\u00e1rio, por exame complementar histopatol\u00f3gico \u00e9 a displasia fibrosa, <em><strong>sendo principal diferen\u00e7a entre esta patologia e a rinossinusite \u00e9 que a primeira apresenta expans\u00e3o das paredes.<\/strong><\/em><\/p><p>\u00a0\u00a0\u00a0\u00a0\u00a0\u00a0\u00a0\u00a0\u00a0\u00a0\u00a0 Uma ressalva ao correlacionar com <i><b>RSC<\/b><\/i> com implante dent\u00e1rio \u00e9 que pacientes com sinusite recorrente s\u00e3o mais suscept\u00edveis a desenvolverem sinusite ap\u00f3s procedimento de levantamento de seio, assim, para diminuir a ocorr\u00eancia, todas as causas poss\u00edveis devem ser removidas antes do aumento do seio.<\/p><p>\u00a0 \u00a0\u00a0\u00a0\u00a0\u00a0\u00a0\u00a0\u00a0\u00a0 Nas imagens abaixo, visualizamos altera\u00e7\u00e3o do seio maxilar esquerdo nos cortes coronais e sagitais, com as principais caracter\u00edsticas tomogr\u00e1ficas: manuten\u00e7\u00e3o do arqu\u00e9tipo do seio maxilar, espessamento mucoso e esclerose das paredes com diminui\u00e7\u00e3o do volume.<br \/><br \/><\/p><p><img loading=\"lazy\" class=\"wp-image-1087 aligncenter\" src=\"https:\/\/radiologiajardim.com.br\/wp-content\/uploads\/2021\/01\/01.png\" alt=\"\" width=\"457\" height=\"255\" \/><\/p><p>\u00a0<\/p><p><img loading=\"lazy\" class=\"wp-image-1088 aligncenter\" src=\"https:\/\/radiologiajardim.com.br\/wp-content\/uploads\/2021\/01\/02.png\" alt=\"\" width=\"497\" height=\"187\" \/><\/p><p>\u00a0<\/p><p><img loading=\"lazy\" class=\"wp-image-1089 aligncenter\" src=\"https:\/\/radiologiajardim.com.br\/wp-content\/uploads\/2021\/01\/03.png\" alt=\"\" width=\"500\" height=\"217\" \/><\/p><h6>\u00a0<\/h6><h6><em><strong>Imagem 1 \u2013 Cortes coronais e sagitais \u2013 A marca\u00e7\u00e3o com estrela preta indica o espessamento \/ esclerose da parede do seio maxilar.<\/strong><\/em><\/h6><p>\u00a0<\/p><hr \/><div><p><b><i>Dose de Sabedoria por: Dra Ana Luiza Riul, Dr. Luis Fernando Jardim e Dra. Patr\u00edcia Jardim<\/i><\/b><\/p><\/div><p><b><i>Siga nossas redes sociais!<\/i><\/b><\/p>\t\t\t\t\t\t<\/div>\n\t\t\t\t<\/div>\n\t\t\t\t\t<\/div>\n\t\t<\/div>\n\t\t\t\t\t\t\t<\/div>\n\t\t<\/section>\n\t\t\t\t\t\t<\/div>\n\t\t\t\t\t<\/div>\n\t\t","protected":false},"excerpt":{"rendered":"<p>Rinossinusite Cr\u00f4nica Rinossinusite cr\u00f4nica (RSC) \u00e9 caracterizada por inflama\u00e7\u00e3o da cavidade nasal e seios paranasais por um tempo maior e igual h\u00e1 12 semanas consecutivas. Suas principais caracter\u00edsticas s\u00e3o: Espessamento mucoso ou opacifica\u00e7\u00e3o de tecido mole com espessamento e esclerose de paredes \u00f3sseas; Localiza\u00e7\u00e3o em ordem de maior incid\u00eancia: seio etmoidal &gt; seio maxilar &gt; &hellip;<\/p>\n<p class=\"read-more\"> <a class=\"\" href=\"http:\/\/blog.radiologiajardim.com.br\/index.php\/2021\/01\/14\/dose-de-sabedoria-29\/\"> <span class=\"screen-reader-text\">DOSE DE SABEDORIA #29<\/span> Read More &raquo;<\/a><\/p>\n","protected":false},"author":1,"featured_media":1091,"comment_status":"open","ping_status":"open","sticky":true,"template":"","format":"standard","meta":{"site-sidebar-layout":"default","site-content-layout":"default","ast-main-header-display":"","ast-hfb-above-header-display":"","ast-hfb-below-header-display":"","ast-hfb-mobile-header-display":"","site-post-title":"","ast-breadcrumbs-content":"","ast-featured-img":"","footer-sml-layout":"","theme-transparent-header-meta":"","adv-header-id-meta":"","stick-header-meta":"","header-above-stick-meta":"","header-main-stick-meta":"","header-below-stick-meta":""},"categories":[2],"tags":[],"_links":{"self":[{"href":"http:\/\/blog.radiologiajardim.com.br\/index.php\/wp-json\/wp\/v2\/posts\/1085"}],"collection":[{"href":"http:\/\/blog.radiologiajardim.com.br\/index.php\/wp-json\/wp\/v2\/posts"}],"about":[{"href":"http:\/\/blog.radiologiajardim.com.br\/index.php\/wp-json\/wp\/v2\/types\/post"}],"author":[{"embeddable":true,"href":"http:\/\/blog.radiologiajardim.com.br\/index.php\/wp-json\/wp\/v2\/users\/1"}],"replies":[{"embeddable":true,"href":"http:\/\/blog.radiologiajardim.com.br\/index.php\/wp-json\/wp\/v2\/comments?post=1085"}],"version-history":[{"count":2,"href":"http:\/\/blog.radiologiajardim.com.br\/index.php\/wp-json\/wp\/v2\/posts\/1085\/revisions"}],"predecessor-version":[{"id":2353,"href":"http:\/\/blog.radiologiajardim.com.br\/index.php\/wp-json\/wp\/v2\/posts\/1085\/revisions\/2353"}],"wp:featuredmedia":[{"embeddable":true,"href":"http:\/\/blog.radiologiajardim.com.br\/index.php\/wp-json\/"}],"wp:attachment":[{"href":"http:\/\/blog.radiologiajardim.com.br\/index.php\/wp-json\/wp\/v2\/media?parent=1085"}],"wp:term":[{"taxonomy":"category","embeddable":true,"href":"http:\/\/blog.radiologiajardim.com.br\/index.php\/wp-json\/wp\/v2\/categories?post=1085"},{"taxonomy":"post_tag","embeddable":true,"href":"http:\/\/blog.radiologiajardim.com.br\/index.php\/wp-json\/wp\/v2\/tags?post=1085"}],"curies":[{"name":"wp","href":"https:\/\/api.w.org\/{rel}","templated":true}]}}