{"id":1073,"date":"2021-01-08T20:15:40","date_gmt":"2021-01-08T20:15:40","guid":{"rendered":"https:\/\/radiologiajardim.com.br\/?p=1073"},"modified":"2022-02-21T17:39:27","modified_gmt":"2022-02-21T20:39:27","slug":"dose-de-sabedoria-28","status":"publish","type":"post","link":"http:\/\/blog.radiologiajardim.com.br\/index.php\/2021\/01\/08\/dose-de-sabedoria-28\/","title":{"rendered":"DOSE DE SABEDORIA #28"},"content":{"rendered":"\t\t<div data-elementor-type=\"wp-post\" data-elementor-id=\"1073\" class=\"elementor elementor-1073\" data-elementor-settings=\"[]\">\n\t\t\t\t\t\t\t<div class=\"elementor-section-wrap\">\n\t\t\t\t\t\t\t<section class=\"elementor-section elementor-top-section elementor-element elementor-element-3bf6c99 elementor-section-boxed elementor-section-height-default elementor-section-height-default\" data-id=\"3bf6c99\" data-element_type=\"section\">\n\t\t\t\t\t\t<div class=\"elementor-container elementor-column-gap-default\">\n\t\t\t\t\t<div class=\"elementor-column elementor-col-100 elementor-top-column elementor-element elementor-element-29068ee\" data-id=\"29068ee\" data-element_type=\"column\">\n\t\t\t<div class=\"elementor-widget-wrap elementor-element-populated\">\n\t\t\t\t\t\t\t\t<div class=\"elementor-element elementor-element-a01fbde elementor-widget elementor-widget-text-editor\" data-id=\"a01fbde\" data-element_type=\"widget\" data-widget_type=\"text-editor.default\">\n\t\t\t\t<div class=\"elementor-widget-container\">\n\t\t\t<style>\/*! elementor - v3.5.6 - 28-02-2022 *\/\n.elementor-widget-text-editor.elementor-drop-cap-view-stacked .elementor-drop-cap{background-color:#818a91;color:#fff}.elementor-widget-text-editor.elementor-drop-cap-view-framed .elementor-drop-cap{color:#818a91;border:3px solid;background-color:transparent}.elementor-widget-text-editor:not(.elementor-drop-cap-view-default) .elementor-drop-cap{margin-top:8px}.elementor-widget-text-editor:not(.elementor-drop-cap-view-default) .elementor-drop-cap-letter{width:1em;height:1em}.elementor-widget-text-editor .elementor-drop-cap{float:left;text-align:center;line-height:1;font-size:50px}.elementor-widget-text-editor .elementor-drop-cap-letter{display:inline-block}<\/style>\t\t\t\t<h1><strong>Sinusopatia por Comunica\u00e7\u00e3o dos Seios maxilares <\/strong><\/h1><p><strong>\u00a0<\/strong><\/p><p>A comunica\u00e7\u00e3o buco-sinusal \u00e9 uma complica\u00e7\u00e3o que pode ocorrer ap\u00f3s a exodontia de pr\u00e9-molares e molares superiores. Isso acontece devido a proximidade das ra\u00edzes com o seio maxilar. A comunica\u00e7\u00e3o permite acesso da cavidade oral ao seio, fazendo com que a flora bacteriana seja alterada. Em casos cr\u00f4nicos, o orif\u00edcio criado entre a boca e seio pode sofrer epiteliza\u00e7\u00e3o, configurando a f\u00edstula buco sinusal.<\/p><p>Nas imagens a seguir mostraremos, nos cortes coronal panor\u00e2mico, obl\u00edquos, sagital e na sequ\u00eancia de cortes coronais a comunica\u00e7\u00e3o do seio maxilar direito (imagens 1, 2, 3 e 4).<\/p><p><img loading=\"lazy\" class=\"wp-image-1075 aligncenter\" src=\"https:\/\/radiologiajardim.com.br\/wp-content\/uploads\/2021\/01\/img1.png\" alt=\"\" width=\"367\" height=\"163\" \/><\/p><h6 style=\"text-align: center;\">Imagem 1 \u2013 Corte coronal panor\u00e2mico 1:1<\/h6><p><img loading=\"lazy\" class=\"wp-image-1076 aligncenter\" src=\"https:\/\/radiologiajardim.com.br\/wp-content\/uploads\/2021\/01\/img2.png\" alt=\"\" width=\"473\" height=\"319\" \/><\/p><h6 style=\"text-align: center;\"><strong>Imagem 2- Cortes obl\u00edquos. Observa-se que nos cortes 28 ao 30 (seta laranja) h\u00e1 comunica\u00e7\u00e3o do seio maxilar com epiteliza\u00e7\u00e3o do orif\u00edcio (f\u00edstula buco sinusal) e velamento da cavidade do seio maxilar direito (cortes 14 ao 44).<\/strong><\/h6><p><img loading=\"lazy\" class=\"wp-image-1077 aligncenter\" src=\"https:\/\/radiologiajardim.com.br\/wp-content\/uploads\/2021\/01\/img3.png\" alt=\"\" width=\"218\" height=\"234\" \/><\/p><h6 style=\"text-align: center;\">\u00a0<strong>Imagem 3 \u2013 Corte sagital que visualiza a f\u00edstula buco sinusal.<\/strong><\/h6><p><img loading=\"lazy\" class=\" wp-image-1078 aligncenter\" src=\"https:\/\/radiologiajardim.com.br\/wp-content\/uploads\/2021\/01\/img4.png\" alt=\"\" width=\"492\" height=\"414\" \/><\/p><h6 style=\"text-align: center;\"><strong>Imagem 4 \u2013 Cortes coronais: corte 10 presen\u00e7a da f\u00edstula e consequentemente o velamento do seio maxilar direito.\u00a0 Observa-se que o \u00f3stio ou hiato maxilar* apresenta obliterado.<\/strong><\/h6><blockquote><h5>Nota: ** Os seios maxilares comunicam-se com a cavidade nasal atrav\u00e9s de uma estrutura diminuta, chamada de \u00f3stio ou hiato maxilar; a movimenta\u00e7\u00e3o da membrana ciliada, faz com que o muco presente no seio maxilar atravesse este reparo anat\u00f4mico e chegue \u00e0 cavidade nasal.<\/h5><\/blockquote><p>\u00a0\u00a0\u00a0\u00a0\u00a0\u00a0\u00a0\u00a0 Assim vale ressaltar que perante a anatomia do seio maxilar com processo alveolar da maxila \u00e9 imprescind\u00edvel uma avalia\u00e7\u00e3o Imaginol\u00f3gica dos seios maxilares por parte das diferentes especialidades Odontol\u00f3gicas, de modo a assegurar as atua\u00e7\u00f5es do Cirurgi\u00e3o Dentista dentro do Sistema Estomatogn\u00e1tico.<\/p><hr \/><div><p><b><i>Dose de Sabedoria por: Dra Ana Luiza Riul, Dr. Luis Fernando Jardim e Dra. Patr\u00edcia Jardim<\/i><\/b><\/p><\/div><p><b><i>Siga nossas redes sociais!<\/i><\/b><\/p>\t\t\t\t\t\t<\/div>\n\t\t\t\t<\/div>\n\t\t\t\t\t<\/div>\n\t\t<\/div>\n\t\t\t\t\t\t\t<\/div>\n\t\t<\/section>\n\t\t\t\t\t\t<\/div>\n\t\t\t\t\t<\/div>\n\t\t","protected":false},"excerpt":{"rendered":"<p>Sinusopatia por Comunica\u00e7\u00e3o dos Seios maxilares \u00a0 A comunica\u00e7\u00e3o buco-sinusal \u00e9 uma complica\u00e7\u00e3o que pode ocorrer ap\u00f3s a exodontia de pr\u00e9-molares e molares superiores. Isso acontece devido a proximidade das ra\u00edzes com o seio maxilar. A comunica\u00e7\u00e3o permite acesso da cavidade oral ao seio, fazendo com que a flora bacteriana seja alterada. Em casos cr\u00f4nicos, &hellip;<\/p>\n<p class=\"read-more\"> <a class=\"\" href=\"http:\/\/blog.radiologiajardim.com.br\/index.php\/2021\/01\/08\/dose-de-sabedoria-28\/\"> <span class=\"screen-reader-text\">DOSE DE SABEDORIA #28<\/span> Read More &raquo;<\/a><\/p>\n","protected":false},"author":1,"featured_media":1081,"comment_status":"open","ping_status":"open","sticky":false,"template":"","format":"standard","meta":{"site-sidebar-layout":"default","site-content-layout":"default","ast-main-header-display":"","ast-hfb-above-header-display":"","ast-hfb-below-header-display":"","ast-hfb-mobile-header-display":"","site-post-title":"","ast-breadcrumbs-content":"","ast-featured-img":"","footer-sml-layout":"","theme-transparent-header-meta":"","adv-header-id-meta":"","stick-header-meta":"","header-above-stick-meta":"","header-main-stick-meta":"","header-below-stick-meta":""},"categories":[2],"tags":[],"_links":{"self":[{"href":"http:\/\/blog.radiologiajardim.com.br\/index.php\/wp-json\/wp\/v2\/posts\/1073"}],"collection":[{"href":"http:\/\/blog.radiologiajardim.com.br\/index.php\/wp-json\/wp\/v2\/posts"}],"about":[{"href":"http:\/\/blog.radiologiajardim.com.br\/index.php\/wp-json\/wp\/v2\/types\/post"}],"author":[{"embeddable":true,"href":"http:\/\/blog.radiologiajardim.com.br\/index.php\/wp-json\/wp\/v2\/users\/1"}],"replies":[{"embeddable":true,"href":"http:\/\/blog.radiologiajardim.com.br\/index.php\/wp-json\/wp\/v2\/comments?post=1073"}],"version-history":[{"count":2,"href":"http:\/\/blog.radiologiajardim.com.br\/index.php\/wp-json\/wp\/v2\/posts\/1073\/revisions"}],"predecessor-version":[{"id":2359,"href":"http:\/\/blog.radiologiajardim.com.br\/index.php\/wp-json\/wp\/v2\/posts\/1073\/revisions\/2359"}],"wp:featuredmedia":[{"embeddable":true,"href":"http:\/\/blog.radiologiajardim.com.br\/index.php\/wp-json\/"}],"wp:attachment":[{"href":"http:\/\/blog.radiologiajardim.com.br\/index.php\/wp-json\/wp\/v2\/media?parent=1073"}],"wp:term":[{"taxonomy":"category","embeddable":true,"href":"http:\/\/blog.radiologiajardim.com.br\/index.php\/wp-json\/wp\/v2\/categories?post=1073"},{"taxonomy":"post_tag","embeddable":true,"href":"http:\/\/blog.radiologiajardim.com.br\/index.php\/wp-json\/wp\/v2\/tags?post=1073"}],"curies":[{"name":"wp","href":"https:\/\/api.w.org\/{rel}","templated":true}]}}