{"id":1038,"date":"2020-12-10T20:52:12","date_gmt":"2020-12-10T20:52:12","guid":{"rendered":"https:\/\/radiologiajardim.com.br\/?p=1038"},"modified":"2022-02-21T18:15:37","modified_gmt":"2022-02-21T21:15:37","slug":"dose-de-sabedoria-25","status":"publish","type":"post","link":"http:\/\/blog.radiologiajardim.com.br\/index.php\/2020\/12\/10\/dose-de-sabedoria-25\/","title":{"rendered":"DOSE DE SABEDORIA #25"},"content":{"rendered":"\t\t<div data-elementor-type=\"wp-post\" data-elementor-id=\"1038\" class=\"elementor elementor-1038\" data-elementor-settings=\"[]\">\n\t\t\t\t\t\t\t<div class=\"elementor-section-wrap\">\n\t\t\t\t\t\t\t<section class=\"elementor-section elementor-top-section elementor-element elementor-element-cf4c7ff elementor-section-boxed elementor-section-height-default elementor-section-height-default\" data-id=\"cf4c7ff\" data-element_type=\"section\">\n\t\t\t\t\t\t<div class=\"elementor-container elementor-column-gap-default\">\n\t\t\t\t\t<div class=\"elementor-column elementor-col-100 elementor-top-column elementor-element elementor-element-abc95dd\" data-id=\"abc95dd\" data-element_type=\"column\">\n\t\t\t<div class=\"elementor-widget-wrap elementor-element-populated\">\n\t\t\t\t\t\t\t\t<div class=\"elementor-element elementor-element-ddc47b7 elementor-widget elementor-widget-text-editor\" data-id=\"ddc47b7\" data-element_type=\"widget\" data-widget_type=\"text-editor.default\">\n\t\t\t\t<div class=\"elementor-widget-container\">\n\t\t\t<style>\/*! elementor - v3.5.6 - 28-02-2022 *\/\n.elementor-widget-text-editor.elementor-drop-cap-view-stacked .elementor-drop-cap{background-color:#818a91;color:#fff}.elementor-widget-text-editor.elementor-drop-cap-view-framed .elementor-drop-cap{color:#818a91;border:3px solid;background-color:transparent}.elementor-widget-text-editor:not(.elementor-drop-cap-view-default) .elementor-drop-cap{margin-top:8px}.elementor-widget-text-editor:not(.elementor-drop-cap-view-default) .elementor-drop-cap-letter{width:1em;height:1em}.elementor-widget-text-editor .elementor-drop-cap{float:left;text-align:center;line-height:1;font-size:50px}.elementor-widget-text-editor .elementor-drop-cap-letter{display:inline-block}<\/style>\t\t\t\t<h1>Osteoma<\/h1><p>Osteomas s\u00e3o tumores benignos, que se desenvolvem a partir do osso maduro compacto ou esponjoso. Acredita-se que sejam neoplasmas verdadeiros e que sua etiologia possa ser oriunda de rea\u00e7\u00f5es osteog\u00eanicas e tra\u00e7\u00e3o muscular cont\u00ednua, processos inflamat\u00f3rios, eventos hamartomatosos, ou ainda, est\u00e1gio final de cicatriza\u00e7\u00e3o de traumas.<\/p><p>S\u00e3o les\u00f5es benignas latentes e que, algumas vezes, podem ser proservadas, sem necessidade de cirurgia. Podem ser classificadas em: Central, quando se desenvolve a partir do end\u00f3steo; Perif\u00e9ricas quando esse desenvolvimento acontece a partir do peri\u00f3steo; Ou ainda, em Extraesquel\u00e9ticas, quando se originam dentro de m\u00fasculos. O s\u00edtio mais comum envolve a regi\u00e3o de \u00e2ngulo e borda inferior mandibular.<\/p><p>Clinicamente, constituem-se em uma massa unilateral bem circunscrita, s\u00e9ssil ou pediculada, de crescimento lento, centr\u00edfugo, com varia\u00e7\u00e3o de tamanho entre 10 e 40mm, podendo causar deformidades na face do lado afetado, m\u00e1 oclus\u00e3o, embora raramente sejam associados \u00e0 dor. N\u00e3o tem prefer\u00eancia por g\u00eanero, e sua maior preval\u00eancia \u00e9 entre 30 e 50 anos.<\/p><p>Radiograficamente, se apresentam como uma massa escler\u00f3tica, de imagem radiopaca e bem circunscrita, oval e de densidade semelhante ao osso normal. Embora possa surgir isoladamente, \u00e9 importante salientar sua poss\u00edvel rela\u00e7\u00e3o com a S\u00edndrome de Gardner, um dist\u00farbio autoss\u00f4mico dominante, caracterizado por m\u00faltiplos osteomas, dentes supranumer\u00e1rios e polipose intestinal.<\/p><p>O caso a seguir foi para investigar uma les\u00e3o no \u00e2ngulo da mand\u00edbula direita \u00a0por imagens tomogr\u00e1ficas (imagem 1).<\/p><p><img loading=\"lazy\" class=\"alignnone wp-image-1041 size-full\" src=\"https:\/\/radiologiajardim.com.br\/wp-content\/uploads\/2020\/12\/IMAGEM1.png\" alt=\"\" width=\"540\" height=\"238\" \/><\/p><h6>Imagem 1 \u2013 Cortes obl\u00edquos que indicam uma altera\u00e7\u00e3o na regi\u00e3o do \u00e2ngulo mandibular direita (seta branca).<\/h6><p><img loading=\"lazy\" class=\" wp-image-1043 aligncenter\" src=\"https:\/\/radiologiajardim.com.br\/wp-content\/uploads\/2020\/12\/002.png\" alt=\"\" width=\"536\" height=\"180\" \/><\/p><h6>Imagem 2 \u2013 Cortes axial, coronal e sagital que indicam esta altera\u00e7\u00e3o osteog\u00eanica.<\/h6><p>E manuten\u00e7\u00e3o do arqu\u00e9tipo mandibular.<\/p><p><img loading=\"lazy\" class=\"wp-image-1042 aligncenter\" src=\"https:\/\/radiologiajardim.com.br\/wp-content\/uploads\/2020\/12\/001.png\" alt=\"\" width=\"517\" height=\"357\" \/><\/p><p>Imagem 3 \u2013 Reconstru\u00e7\u00e3o 3D e reconstru\u00e7\u00e3o 3D Realistic<\/p><p>\u00a0Assim, a hip\u00f3tese de diagn\u00f3stico \u00e9 de osteoma perif\u00e9rico e a tomografia computadorizada, detectou-se uma imagem hiperdensa em formato oval e sua rela\u00e7\u00e3o com o peri\u00f3steo do \u00e2ngulo da mand\u00edbula direita.<\/p><p>\u00a0<\/p><div><hr \/><b><i><br \/>Dose de Sabedoria por: Dra Ana Luiza Riul, Dr. Luis Fernando Jardim e Dra. Patr\u00edcia Jardim<\/i><\/b><\/div><p><b><i>Siga nossas redes sociais!<\/i><\/b><\/p>\t\t\t\t\t\t<\/div>\n\t\t\t\t<\/div>\n\t\t\t\t\t<\/div>\n\t\t<\/div>\n\t\t\t\t\t\t\t<\/div>\n\t\t<\/section>\n\t\t\t\t\t\t<\/div>\n\t\t\t\t\t<\/div>\n\t\t","protected":false},"excerpt":{"rendered":"<p>Osteoma Osteomas s\u00e3o tumores benignos, que se desenvolvem a partir do osso maduro compacto ou esponjoso. Acredita-se que sejam neoplasmas verdadeiros e que sua etiologia possa ser oriunda de rea\u00e7\u00f5es osteog\u00eanicas e tra\u00e7\u00e3o muscular cont\u00ednua, processos inflamat\u00f3rios, eventos hamartomatosos, ou ainda, est\u00e1gio final de cicatriza\u00e7\u00e3o de traumas. S\u00e3o les\u00f5es benignas latentes e que, algumas vezes, &hellip;<\/p>\n<p class=\"read-more\"> <a class=\"\" href=\"http:\/\/blog.radiologiajardim.com.br\/index.php\/2020\/12\/10\/dose-de-sabedoria-25\/\"> <span class=\"screen-reader-text\">DOSE DE SABEDORIA #25<\/span> Read More &raquo;<\/a><\/p>\n","protected":false},"author":1,"featured_media":1039,"comment_status":"open","ping_status":"open","sticky":true,"template":"","format":"standard","meta":{"site-sidebar-layout":"default","site-content-layout":"default","ast-main-header-display":"","ast-hfb-above-header-display":"","ast-hfb-below-header-display":"","ast-hfb-mobile-header-display":"","site-post-title":"","ast-breadcrumbs-content":"","ast-featured-img":"","footer-sml-layout":"","theme-transparent-header-meta":"","adv-header-id-meta":"","stick-header-meta":"","header-above-stick-meta":"","header-main-stick-meta":"","header-below-stick-meta":""},"categories":[2],"tags":[],"_links":{"self":[{"href":"http:\/\/blog.radiologiajardim.com.br\/index.php\/wp-json\/wp\/v2\/posts\/1038"}],"collection":[{"href":"http:\/\/blog.radiologiajardim.com.br\/index.php\/wp-json\/wp\/v2\/posts"}],"about":[{"href":"http:\/\/blog.radiologiajardim.com.br\/index.php\/wp-json\/wp\/v2\/types\/post"}],"author":[{"embeddable":true,"href":"http:\/\/blog.radiologiajardim.com.br\/index.php\/wp-json\/wp\/v2\/users\/1"}],"replies":[{"embeddable":true,"href":"http:\/\/blog.radiologiajardim.com.br\/index.php\/wp-json\/wp\/v2\/comments?post=1038"}],"version-history":[{"count":2,"href":"http:\/\/blog.radiologiajardim.com.br\/index.php\/wp-json\/wp\/v2\/posts\/1038\/revisions"}],"predecessor-version":[{"id":2375,"href":"http:\/\/blog.radiologiajardim.com.br\/index.php\/wp-json\/wp\/v2\/posts\/1038\/revisions\/2375"}],"wp:featuredmedia":[{"embeddable":true,"href":"http:\/\/blog.radiologiajardim.com.br\/index.php\/wp-json\/"}],"wp:attachment":[{"href":"http:\/\/blog.radiologiajardim.com.br\/index.php\/wp-json\/wp\/v2\/media?parent=1038"}],"wp:term":[{"taxonomy":"category","embeddable":true,"href":"http:\/\/blog.radiologiajardim.com.br\/index.php\/wp-json\/wp\/v2\/categories?post=1038"},{"taxonomy":"post_tag","embeddable":true,"href":"http:\/\/blog.radiologiajardim.com.br\/index.php\/wp-json\/wp\/v2\/tags?post=1038"}],"curies":[{"name":"wp","href":"https:\/\/api.w.org\/{rel}","templated":true}]}}