{"id":1029,"date":"2020-12-04T19:25:53","date_gmt":"2020-12-04T19:25:53","guid":{"rendered":"https:\/\/radiologiajardim.com.br\/?p=1029"},"modified":"2022-02-21T18:24:04","modified_gmt":"2022-02-21T21:24:04","slug":"dose-de-sabedoria-24","status":"publish","type":"post","link":"http:\/\/blog.radiologiajardim.com.br\/index.php\/2020\/12\/04\/dose-de-sabedoria-24\/","title":{"rendered":"DOSE DE SABEDORIA #24"},"content":{"rendered":"\t\t<div data-elementor-type=\"wp-post\" data-elementor-id=\"1029\" class=\"elementor elementor-1029\" data-elementor-settings=\"[]\">\n\t\t\t\t\t\t\t<div class=\"elementor-section-wrap\">\n\t\t\t\t\t\t\t<section class=\"elementor-section elementor-top-section elementor-element elementor-element-6df2ee5 elementor-section-boxed elementor-section-height-default elementor-section-height-default\" data-id=\"6df2ee5\" data-element_type=\"section\">\n\t\t\t\t\t\t<div class=\"elementor-container elementor-column-gap-default\">\n\t\t\t\t\t<div class=\"elementor-column elementor-col-100 elementor-top-column elementor-element elementor-element-b06619a\" data-id=\"b06619a\" data-element_type=\"column\">\n\t\t\t<div class=\"elementor-widget-wrap elementor-element-populated\">\n\t\t\t\t\t\t\t\t<div class=\"elementor-element elementor-element-f4d1023 elementor-widget elementor-widget-text-editor\" data-id=\"f4d1023\" data-element_type=\"widget\" data-widget_type=\"text-editor.default\">\n\t\t\t\t<div class=\"elementor-widget-container\">\n\t\t\t<style>\/*! elementor - v3.5.6 - 28-02-2022 *\/\n.elementor-widget-text-editor.elementor-drop-cap-view-stacked .elementor-drop-cap{background-color:#818a91;color:#fff}.elementor-widget-text-editor.elementor-drop-cap-view-framed .elementor-drop-cap{color:#818a91;border:3px solid;background-color:transparent}.elementor-widget-text-editor:not(.elementor-drop-cap-view-default) .elementor-drop-cap{margin-top:8px}.elementor-widget-text-editor:not(.elementor-drop-cap-view-default) .elementor-drop-cap-letter{width:1em;height:1em}.elementor-widget-text-editor .elementor-drop-cap{float:left;text-align:center;line-height:1;font-size:50px}.elementor-widget-text-editor .elementor-drop-cap-letter{display:inline-block}<\/style>\t\t\t\t<h1>Achado Tomogr\u00e1fico: Forame Mentual Duplo<\/h1>\n<p>O canal mandibular presente bilateralmente na mand\u00edbula se estende do forame mandibular no ramo da mand\u00edbula at\u00e9 o forame mentual no corpo mandibular por onde passam o feixe vasculonervoso alveolar inferior. O forame mentual \u00e9 uma abertura externa do canal mandibular, pr\u00f3ximo \u00e0s ra\u00edzes dos pr\u00e9-molares inferiores, por onde emerge o feixe vasculonervoso mentual. Em alguns casos, forames mentuais m\u00faltiplos podem ser observados. A presen\u00e7a dos forames mentuais acess\u00f3rios requer aten\u00e7\u00e3o especial por parte do dentista em procedimentos que envolvem interven\u00e7\u00f5es na mand\u00edbula.<\/p>\n<p>No caso seguir refere-se para um planejamento de implante que anteriormente foi solicitado uma radiografia panor\u00e2mica, como podemos observa na imagem a seguir n\u00e3o se visualiza com clareza a presen\u00e7a do forame mentual acess\u00f3rio (imagem 1).<\/p>\n<p><img loading=\"lazy\" class=\"size-full wp-image-1031 aligncenter\" src=\"https:\/\/radiologiajardim.com.br\/wp-content\/uploads\/2020\/12\/OK.png\" alt=\"\" width=\"418\" height=\"239\"><\/p>\n<h6>Imagem 1 \u2013 Recorte da radiografia panor\u00e2mica da regi\u00e3o posterior esquerda da mand\u00edbula. Na seta azul observa-se o forame mentual.<\/h6>\n<p>&nbsp;&nbsp;&nbsp;&nbsp;&nbsp;&nbsp;&nbsp;&nbsp;&nbsp;&nbsp;&nbsp; No exame tomogr\u00e1fico (cortes obl\u00edquos e reconstru\u00e7\u00e3o 3D), verificou esta varia\u00e7\u00e3o anat\u00f4mica na regi\u00e3o posterior esquerda da mand\u00edbula (imagens 2 e 3).<\/p>\n<p><img loading=\"lazy\" class=\"size-full wp-image-1032 aligncenter\" src=\"https:\/\/radiologiajardim.com.br\/wp-content\/uploads\/2020\/12\/OK2.png\" alt=\"\" width=\"543\" height=\"237\"><\/p>\n<h6>Imagem 2 \u2013 Cortes obl\u00edquos indicando o forame mentual (seta verde e sigla FM) nos cortes 92 e 96.<\/h6>\n<p><img loading=\"lazy\" class=\"wp-image-1033 aligncenter\" src=\"https:\/\/radiologiajardim.com.br\/wp-content\/uploads\/2020\/12\/ok3.png\" alt=\"\" width=\"469\" height=\"173\"><\/p>\n<h6>Imagem 3 \u2013 Reconstru\u00e7\u00e3o 3D da mand\u00edbula da regi\u00e3o Antero posterior esquerda e os forames mentuais<\/h6>\n<p><\/p>\n<p>Assim, uma das principais import\u00e2ncias do planejamento tomogr\u00e1fico para realiza\u00e7\u00e3o de implantes \u00e9 analisar tridimensionalmente as estruturas anat\u00f4micas e poss\u00edveis varia\u00e7\u00f5es anat\u00f4micas sem sobreposi\u00e7\u00e3o, que neste caso espec\u00edfico, permite um melhor conhecimento principalmente no momento do bloqueio anest\u00e9sico.<\/p><p><br><\/p><div><hr><b><i><br>Dose de Sabedoria por: Dra Ana Luiza Riul, Dr. Luis Fernando Jardim e Dra. Patr\u00edcia Jardim<\/i><\/b><\/div><p><b><i>Siga nossas redes sociais!<\/i><\/b><\/p>\t\t\t\t\t\t<\/div>\n\t\t\t\t<\/div>\n\t\t\t\t\t<\/div>\n\t\t<\/div>\n\t\t\t\t\t\t\t<\/div>\n\t\t<\/section>\n\t\t\t\t\t\t<\/div>\n\t\t\t\t\t<\/div>\n\t\t","protected":false},"excerpt":{"rendered":"<p>Achado Tomogr\u00e1fico: Forame Mentual Duplo O canal mandibular presente bilateralmente na mand\u00edbula se estende do forame mandibular no ramo da mand\u00edbula at\u00e9 o forame mentual no corpo mandibular por onde passam o feixe vasculonervoso alveolar inferior. O forame mentual \u00e9 uma abertura externa do canal mandibular, pr\u00f3ximo \u00e0s ra\u00edzes dos pr\u00e9-molares inferiores, por onde emerge &hellip;<\/p>\n<p class=\"read-more\"> <a class=\"\" href=\"http:\/\/blog.radiologiajardim.com.br\/index.php\/2020\/12\/04\/dose-de-sabedoria-24\/\"> <span class=\"screen-reader-text\">DOSE DE SABEDORIA #24<\/span> Read More &raquo;<\/a><\/p>\n","protected":false},"author":1,"featured_media":0,"comment_status":"open","ping_status":"open","sticky":false,"template":"","format":"standard","meta":{"site-sidebar-layout":"default","site-content-layout":"default","ast-main-header-display":"","ast-hfb-above-header-display":"","ast-hfb-below-header-display":"","ast-hfb-mobile-header-display":"","site-post-title":"","ast-breadcrumbs-content":"","ast-featured-img":"","footer-sml-layout":"","theme-transparent-header-meta":"","adv-header-id-meta":"","stick-header-meta":"","header-above-stick-meta":"","header-main-stick-meta":"","header-below-stick-meta":""},"categories":[1],"tags":[],"_links":{"self":[{"href":"http:\/\/blog.radiologiajardim.com.br\/index.php\/wp-json\/wp\/v2\/posts\/1029"}],"collection":[{"href":"http:\/\/blog.radiologiajardim.com.br\/index.php\/wp-json\/wp\/v2\/posts"}],"about":[{"href":"http:\/\/blog.radiologiajardim.com.br\/index.php\/wp-json\/wp\/v2\/types\/post"}],"author":[{"embeddable":true,"href":"http:\/\/blog.radiologiajardim.com.br\/index.php\/wp-json\/wp\/v2\/users\/1"}],"replies":[{"embeddable":true,"href":"http:\/\/blog.radiologiajardim.com.br\/index.php\/wp-json\/wp\/v2\/comments?post=1029"}],"version-history":[{"count":2,"href":"http:\/\/blog.radiologiajardim.com.br\/index.php\/wp-json\/wp\/v2\/posts\/1029\/revisions"}],"predecessor-version":[{"id":2381,"href":"http:\/\/blog.radiologiajardim.com.br\/index.php\/wp-json\/wp\/v2\/posts\/1029\/revisions\/2381"}],"wp:attachment":[{"href":"http:\/\/blog.radiologiajardim.com.br\/index.php\/wp-json\/wp\/v2\/media?parent=1029"}],"wp:term":[{"taxonomy":"category","embeddable":true,"href":"http:\/\/blog.radiologiajardim.com.br\/index.php\/wp-json\/wp\/v2\/categories?post=1029"},{"taxonomy":"post_tag","embeddable":true,"href":"http:\/\/blog.radiologiajardim.com.br\/index.php\/wp-json\/wp\/v2\/tags?post=1029"}],"curies":[{"name":"wp","href":"https:\/\/api.w.org\/{rel}","templated":true}]}}